{"id":930,"date":"2023-03-29T21:08:04","date_gmt":"2023-03-29T21:08:04","guid":{"rendered":"https:\/\/www.droptheinfo.com\/es\/?p=930"},"modified":"2023-03-29T21:08:04","modified_gmt":"2023-03-29T21:08:04","slug":"el-papa-francisco-habria-sido-internado-en-el-hospital-gemelli-de-roma-por-un-problema-cardiaco","status":"publish","type":"post","link":"https:\/\/www.droptheinfo.com\/es\/el-papa-francisco-habria-sido-internado-en-el-hospital-gemelli-de-roma-por-un-problema-cardiaco\/","title":{"rendered":"El Papa Francisco habr\u00eda sido internado en el hospital Gemelli de Roma por un problema cardiaco"},"content":{"rendered":"<p>El <strong>Papa Francisco<\/strong> fue ingresado en el hospital <strong>Gemelli<\/strong> de Roma despu\u00e9s de sufrir un malestar card\u00edaco, seg\u00fan confirm\u00f3 el diario argentino <strong>La Naci\u00f3n,\u00a0<\/strong>el cual cuenta con grandes fuentes dentro del <strong>Vaticano<\/strong>.<\/p>\n<p>A pesar de que el <strong>Vaticano<\/strong> comunic\u00f3 que la internaci\u00f3n fue por motivo de \u00ab<strong>controles previamente programados<\/strong>\u00ab. Sin Embargo, fuentes cercanas al Papa indicaron que se debi\u00f3 a un malestar imprevisto que se produjo despu\u00e9s de regresar de la audiencia general de los mi\u00e9rcoles.<\/p>\n<p><img fetchpriority=\"high\" decoding=\"async\" class=\"alignnone size-full wp-image-933 lazyload\" src=\"data:image\/gif;base64,R0lGODlhAQABAAAAACH5BAEKAAEALAAAAAABAAEAAAICTAEAOw==\" data-src=\"https:\/\/www.droptheinfo.com\/es\/wp-content\/uploads\/2023\/03\/El-Papa-Francisco-habria-sido-internado-en-el-hospital-Gemelli-de-Roma-por-un-problema-cardiaco-1.jpg\" alt=\"\" width=\"1000\" height=\"667\" data-sizes=\"auto\" data-srcset=\"https:\/\/www.droptheinfo.com\/es\/wp-content\/uploads\/2023\/03\/El-Papa-Francisco-habria-sido-internado-en-el-hospital-Gemelli-de-Roma-por-un-problema-cardiaco-1.jpg 1000w, https:\/\/www.droptheinfo.com\/es\/wp-content\/uploads\/2023\/03\/El-Papa-Francisco-habria-sido-internado-en-el-hospital-Gemelli-de-Roma-por-un-problema-cardiaco-1-300x200.jpg 300w, https:\/\/www.droptheinfo.com\/es\/wp-content\/uploads\/2023\/03\/El-Papa-Francisco-habria-sido-internado-en-el-hospital-Gemelli-de-Roma-por-un-problema-cardiaco-1-768x512.jpg 768w, https:\/\/www.droptheinfo.com\/es\/wp-content\/uploads\/2023\/03\/El-Papa-Francisco-habria-sido-internado-en-el-hospital-Gemelli-de-Roma-por-un-problema-cardiaco-1-600x400.jpg 600w, https:\/\/www.droptheinfo.com\/es\/wp-content\/uploads\/2023\/03\/El-Papa-Francisco-habria-sido-internado-en-el-hospital-Gemelli-de-Roma-por-un-problema-cardiaco-1-750x500.jpg 750w\" sizes=\"(max-width: 1000px) 100vw, 1000px\" \/><\/p>\n<p>El Papa sinti\u00f3 dolores en el pecho y su asistente sanitario personal le aconsej\u00f3 acudir al hospital para hacerse unos controles, a lo que el Papa accedi\u00f3.<\/p>\n<p>Aunque los m\u00e9dicos descartaron problemas graves, el Papa permaneci\u00f3 en el hospital para realizar ex\u00e1menes adicionales y se cancelaron todas sus audiencias previstas para los pr\u00f3ximos d\u00edas, incluyendo una entrevista televisiva que ten\u00eda programada con la periodista italiana <strong>Lorena Bianchetti<\/strong> para un programa religioso de la <strong>RAI<\/strong>.<\/p>\n<p>La noticia del ingreso del Papa al hospital ha generado preocupaci\u00f3n en todo el mundo, especialmente debido a su avanzada edad de 86 a\u00f1os y su historial m\u00e9dico previo.<\/p>\n<p><img decoding=\"async\" class=\"alignnone size-full wp-image-934 lazyload\" src=\"data:image\/gif;base64,R0lGODlhAQABAAAAACH5BAEKAAEALAAAAAABAAEAAAICTAEAOw==\" data-src=\"https:\/\/www.droptheinfo.com\/es\/wp-content\/uploads\/2023\/03\/El-Papa-Francisco-habria-sido-internado-en-el-hospital-Gemelli-de-Roma-por-un-problema-cardiaco-2.jpg\" alt=\"\" width=\"1200\" height=\"800\" data-sizes=\"auto\" data-srcset=\"https:\/\/www.droptheinfo.com\/es\/wp-content\/uploads\/2023\/03\/El-Papa-Francisco-habria-sido-internado-en-el-hospital-Gemelli-de-Roma-por-un-problema-cardiaco-2.jpg 1200w, https:\/\/www.droptheinfo.com\/es\/wp-content\/uploads\/2023\/03\/El-Papa-Francisco-habria-sido-internado-en-el-hospital-Gemelli-de-Roma-por-un-problema-cardiaco-2-300x200.jpg 300w, https:\/\/www.droptheinfo.com\/es\/wp-content\/uploads\/2023\/03\/El-Papa-Francisco-habria-sido-internado-en-el-hospital-Gemelli-de-Roma-por-un-problema-cardiaco-2-1024x683.jpg 1024w, https:\/\/www.droptheinfo.com\/es\/wp-content\/uploads\/2023\/03\/El-Papa-Francisco-habria-sido-internado-en-el-hospital-Gemelli-de-Roma-por-un-problema-cardiaco-2-768x512.jpg 768w, https:\/\/www.droptheinfo.com\/es\/wp-content\/uploads\/2023\/03\/El-Papa-Francisco-habria-sido-internado-en-el-hospital-Gemelli-de-Roma-por-un-problema-cardiaco-2-600x400.jpg 600w, https:\/\/www.droptheinfo.com\/es\/wp-content\/uploads\/2023\/03\/El-Papa-Francisco-habria-sido-internado-en-el-hospital-Gemelli-de-Roma-por-un-problema-cardiaco-2-750x500.jpg 750w, https:\/\/www.droptheinfo.com\/es\/wp-content\/uploads\/2023\/03\/El-Papa-Francisco-habria-sido-internado-en-el-hospital-Gemelli-de-Roma-por-un-problema-cardiaco-2-1140x760.jpg 1140w\" sizes=\"(max-width: 1200px) 100vw, 1200px\" \/><\/p>\n<p>El periodico <strong>Corriere della Sera<\/strong> inform\u00f3 que el Papa \u00ab<em>tuvo problemas card\u00edacos en horas de la ma\u00f1ana y que por seguridad fue llevado para controles en el departamento de cardiolog\u00eda<\/em>\u00ab, aunque se considera que el malestar no es preocupante.<\/p>\n<p>El pont\u00edfice argentino es conocido por su cercan\u00eda con la gente y su compromiso con los m\u00e1s necesitados, su pontificado ha sido caracterizado por un enfoque en temas sociales, como la lucha contra la pobreza y la desigualdad, as\u00ed como por un intento de modernizar y reformar la Iglesia Cat\u00f3lica.<\/p>\n<p>La noticia de su hospitalizaci\u00f3n ha llevado a muchos a orar por su pronta recuperaci\u00f3n.<\/p>\n","protected":false},"excerpt":{"rendered":"<p>El Papa Francisco fue ingresado en el hospital Gemelli de Roma despu\u00e9s de sufrir un malestar card\u00edaco, seg\u00fan confirm\u00f3 el diario argentino La Naci\u00f3n,\u00a0el cual cuenta con grandes fuentes dentro del Vaticano. A pesar de que el Vaticano comunic\u00f3 que la internaci\u00f3n fue por motivo de \u00abcontroles previamente programados\u00ab. Sin Embargo, fuentes cercanas al Papa [&hellip;]<\/p>\n","protected":false},"author":4,"featured_media":932,"comment_status":"open","ping_status":"open","sticky":false,"template":"","format":"standard","meta":{"footnotes":""},"categories":[39,45,150,43],"tags":[166],"class_list":["post-930","post","type-post","status-publish","format-standard","has-post-thumbnail","hentry","category-entretenimiento","category-mundo","category-tragedia","category-viral","tag-papa-francisco"],"_links":{"self":[{"href":"https:\/\/www.droptheinfo.com\/es\/wp-json\/wp\/v2\/posts\/930","targetHints":{"allow":["GET"]}}],"collection":[{"href":"https:\/\/www.droptheinfo.com\/es\/wp-json\/wp\/v2\/posts"}],"about":[{"href":"https:\/\/www.droptheinfo.com\/es\/wp-json\/wp\/v2\/types\/post"}],"author":[{"embeddable":true,"href":"https:\/\/www.droptheinfo.com\/es\/wp-json\/wp\/v2\/users\/4"}],"replies":[{"embeddable":true,"href":"https:\/\/www.droptheinfo.com\/es\/wp-json\/wp\/v2\/comments?post=930"}],"version-history":[{"count":1,"href":"https:\/\/www.droptheinfo.com\/es\/wp-json\/wp\/v2\/posts\/930\/revisions"}],"predecessor-version":[{"id":935,"href":"https:\/\/www.droptheinfo.com\/es\/wp-json\/wp\/v2\/posts\/930\/revisions\/935"}],"wp:featuredmedia":[{"embeddable":true,"href":"https:\/\/www.droptheinfo.com\/es\/wp-json\/wp\/v2\/media\/932"}],"wp:attachment":[{"href":"https:\/\/www.droptheinfo.com\/es\/wp-json\/wp\/v2\/media?parent=930"}],"wp:term":[{"taxonomy":"category","embeddable":true,"href":"https:\/\/www.droptheinfo.com\/es\/wp-json\/wp\/v2\/categories?post=930"},{"taxonomy":"post_tag","embeddable":true,"href":"https:\/\/www.droptheinfo.com\/es\/wp-json\/wp\/v2\/tags?post=930"}],"curies":[{"name":"wp","href":"https:\/\/api.w.org\/{rel}","templated":true}]}}