{"id":924,"date":"2023-03-29T19:39:08","date_gmt":"2023-03-29T19:39:08","guid":{"rendered":"https:\/\/www.droptheinfo.com\/es\/?p=924"},"modified":"2023-03-29T19:39:08","modified_gmt":"2023-03-29T19:39:08","slug":"el-papa-francisco-fue-ingresado-al-hospital-policlinico-gemelli-en-roma","status":"publish","type":"post","link":"https:\/\/www.droptheinfo.com\/es\/el-papa-francisco-fue-ingresado-al-hospital-policlinico-gemelli-en-roma\/","title":{"rendered":"El Papa Francisco fue ingresado al hospital policl\u00ednico Gemelli en Roma"},"content":{"rendered":"<p>El <strong>Papa Francisco<\/strong> se encuentra ingresado en el hospital Policl\u00ednico <strong>Gemelli<\/strong> de Roma desde la tarde de este mi\u00e9rcoles 29 de marzo, para someterse a \u00ab<strong>algunos controles anteriormente programados<\/strong>\u00ab, as\u00ed lo informo la oficina de prensa del Vaticano. Se sabe que este hospital es reconocido por haber recibido hist\u00f3ricamente a los papas.<\/p>\n<p>Aunque el Vaticano no ha especificado cuanto tiempo estar\u00e1 ingresado el pont\u00edfice ni ha mencionado si su hospitalizaci\u00f3n est\u00e1 relacionada con la operaci\u00f3n en el colon a la que se someti\u00f3 en julio de 2021.<\/p>\n<p><img fetchpriority=\"high\" decoding=\"async\" class=\"alignnone size-full wp-image-926 lazyload\" src=\"data:image\/gif;base64,R0lGODlhAQABAAAAACH5BAEKAAEALAAAAAABAAEAAAICTAEAOw==\" data-src=\"https:\/\/www.droptheinfo.com\/es\/wp-content\/uploads\/2023\/03\/El-Papa-Francisco-fue-ingresado-al-hospital-policlinico-Gemelli-en-Roma-1.jpg\" alt=\"\" width=\"1200\" height=\"800\" data-sizes=\"auto\" data-srcset=\"https:\/\/www.droptheinfo.com\/es\/wp-content\/uploads\/2023\/03\/El-Papa-Francisco-fue-ingresado-al-hospital-policlinico-Gemelli-en-Roma-1.jpg 1200w, https:\/\/www.droptheinfo.com\/es\/wp-content\/uploads\/2023\/03\/El-Papa-Francisco-fue-ingresado-al-hospital-policlinico-Gemelli-en-Roma-1-300x200.jpg 300w, https:\/\/www.droptheinfo.com\/es\/wp-content\/uploads\/2023\/03\/El-Papa-Francisco-fue-ingresado-al-hospital-policlinico-Gemelli-en-Roma-1-1024x683.jpg 1024w, https:\/\/www.droptheinfo.com\/es\/wp-content\/uploads\/2023\/03\/El-Papa-Francisco-fue-ingresado-al-hospital-policlinico-Gemelli-en-Roma-1-768x512.jpg 768w, https:\/\/www.droptheinfo.com\/es\/wp-content\/uploads\/2023\/03\/El-Papa-Francisco-fue-ingresado-al-hospital-policlinico-Gemelli-en-Roma-1-600x400.jpg 600w, https:\/\/www.droptheinfo.com\/es\/wp-content\/uploads\/2023\/03\/El-Papa-Francisco-fue-ingresado-al-hospital-policlinico-Gemelli-en-Roma-1-750x500.jpg 750w, https:\/\/www.droptheinfo.com\/es\/wp-content\/uploads\/2023\/03\/El-Papa-Francisco-fue-ingresado-al-hospital-policlinico-Gemelli-en-Roma-1-1140x760.jpg 1140w\" sizes=\"(max-width: 1200px) 100vw, 1200px\" \/><\/p>\n<p>En una reci\u00e9ntente entrevista con la agencia<strong> Estadounidense AP<\/strong>, el <strong>Papa Francisco<\/strong> revelo que volv\u00eda a sufrir de divert\u00edculos, el problema por el que tuvo que ser operado y se le extirp\u00f3 una peque\u00f1a parte del colon, pero que aun as\u00ed estaba bien de salud.<\/p>\n<p>Francisco fue operado en el mismo hospital romano el a\u00f1o pasado y su recuperaci\u00f3n fue lenta, lo cual g\u00e9nero en su momento mucha preocupaci\u00f3n entre los fieles cat\u00f3licos.<\/p>\n<p>Desde ese entonces, el Papa solo ha sufrido el problema en la rodilla derecha que le obliga a caminar con bast\u00f3n o con silla de ruedas y ha asegurado en varias ocasiones que no se quiere operar.<\/p>\n<p><img decoding=\"async\" class=\"alignnone size-full wp-image-927 lazyload\" src=\"data:image\/gif;base64,R0lGODlhAQABAAAAACH5BAEKAAEALAAAAAABAAEAAAICTAEAOw==\" data-src=\"https:\/\/www.droptheinfo.com\/es\/wp-content\/uploads\/2023\/03\/El-Papa-Francisco-fue-ingresado-al-hospital-policlinico-Gemelli-en-Roma-2.jpg\" alt=\"\" width=\"1200\" height=\"800\" data-sizes=\"auto\" data-srcset=\"https:\/\/www.droptheinfo.com\/es\/wp-content\/uploads\/2023\/03\/El-Papa-Francisco-fue-ingresado-al-hospital-policlinico-Gemelli-en-Roma-2.jpg 1200w, https:\/\/www.droptheinfo.com\/es\/wp-content\/uploads\/2023\/03\/El-Papa-Francisco-fue-ingresado-al-hospital-policlinico-Gemelli-en-Roma-2-300x200.jpg 300w, https:\/\/www.droptheinfo.com\/es\/wp-content\/uploads\/2023\/03\/El-Papa-Francisco-fue-ingresado-al-hospital-policlinico-Gemelli-en-Roma-2-1024x683.jpg 1024w, https:\/\/www.droptheinfo.com\/es\/wp-content\/uploads\/2023\/03\/El-Papa-Francisco-fue-ingresado-al-hospital-policlinico-Gemelli-en-Roma-2-768x512.jpg 768w, https:\/\/www.droptheinfo.com\/es\/wp-content\/uploads\/2023\/03\/El-Papa-Francisco-fue-ingresado-al-hospital-policlinico-Gemelli-en-Roma-2-600x400.jpg 600w, https:\/\/www.droptheinfo.com\/es\/wp-content\/uploads\/2023\/03\/El-Papa-Francisco-fue-ingresado-al-hospital-policlinico-Gemelli-en-Roma-2-750x500.jpg 750w, https:\/\/www.droptheinfo.com\/es\/wp-content\/uploads\/2023\/03\/El-Papa-Francisco-fue-ingresado-al-hospital-policlinico-Gemelli-en-Roma-2-1140x760.jpg 1140w\" sizes=\"(max-width: 1200px) 100vw, 1200px\" \/><\/p>\n<p>Durante la ma\u00f1ana de hoy, el <strong>Papa Francisco<\/strong> celebro la audiencia general y se le vio en buena salud y sin problemas.<\/p>\n<p>Se espera que el Papa se encuentre bien de salud, ya que el pr\u00f3ximo domingo tiene prevista la misa del <strong>Domingo de Ramos<\/strong>, una fecha muy importante en el calendario lit\u00fargico cat\u00f3lico que marca el inicio de la <strong>Semana Santa<\/strong>.<\/p>\n","protected":false},"excerpt":{"rendered":"<p>El Papa Francisco se encuentra ingresado en el hospital Policl\u00ednico Gemelli de Roma desde la tarde de este mi\u00e9rcoles 29 de marzo, para someterse a \u00abalgunos controles anteriormente programados\u00ab, as\u00ed lo informo la oficina de prensa del Vaticano. Se sabe que este hospital es reconocido por haber recibido hist\u00f3ricamente a los papas. Aunque el Vaticano [&hellip;]<\/p>\n","protected":false},"author":4,"featured_media":925,"comment_status":"open","ping_status":"open","sticky":false,"template":"","format":"standard","meta":{"footnotes":""},"categories":[39,45,43],"tags":[166],"class_list":["post-924","post","type-post","status-publish","format-standard","has-post-thumbnail","hentry","category-entretenimiento","category-mundo","category-viral","tag-papa-francisco"],"_links":{"self":[{"href":"https:\/\/www.droptheinfo.com\/es\/wp-json\/wp\/v2\/posts\/924","targetHints":{"allow":["GET"]}}],"collection":[{"href":"https:\/\/www.droptheinfo.com\/es\/wp-json\/wp\/v2\/posts"}],"about":[{"href":"https:\/\/www.droptheinfo.com\/es\/wp-json\/wp\/v2\/types\/post"}],"author":[{"embeddable":true,"href":"https:\/\/www.droptheinfo.com\/es\/wp-json\/wp\/v2\/users\/4"}],"replies":[{"embeddable":true,"href":"https:\/\/www.droptheinfo.com\/es\/wp-json\/wp\/v2\/comments?post=924"}],"version-history":[{"count":1,"href":"https:\/\/www.droptheinfo.com\/es\/wp-json\/wp\/v2\/posts\/924\/revisions"}],"predecessor-version":[{"id":928,"href":"https:\/\/www.droptheinfo.com\/es\/wp-json\/wp\/v2\/posts\/924\/revisions\/928"}],"wp:featuredmedia":[{"embeddable":true,"href":"https:\/\/www.droptheinfo.com\/es\/wp-json\/wp\/v2\/media\/925"}],"wp:attachment":[{"href":"https:\/\/www.droptheinfo.com\/es\/wp-json\/wp\/v2\/media?parent=924"}],"wp:term":[{"taxonomy":"category","embeddable":true,"href":"https:\/\/www.droptheinfo.com\/es\/wp-json\/wp\/v2\/categories?post=924"},{"taxonomy":"post_tag","embeddable":true,"href":"https:\/\/www.droptheinfo.com\/es\/wp-json\/wp\/v2\/tags?post=924"}],"curies":[{"name":"wp","href":"https:\/\/api.w.org\/{rel}","templated":true}]}}