{"id":8820,"date":"2023-07-31T10:07:02","date_gmt":"2023-07-31T17:07:02","guid":{"rendered":"https:\/\/www.droptheinfo.com\/es\/?p=8820"},"modified":"2023-07-31T10:07:02","modified_gmt":"2023-07-31T17:07:02","slug":"en-suiza-sus-glaciares-se-derriten-y-dejan-a-la-vista-el-cuerpo-de-un-montanista-desaparecido-en-1986","status":"publish","type":"post","link":"https:\/\/www.droptheinfo.com\/es\/en-suiza-sus-glaciares-se-derriten-y-dejan-a-la-vista-el-cuerpo-de-un-montanista-desaparecido-en-1986\/","title":{"rendered":"En Suiza, sus glaciares se derriten y dejan a la vista el cuerpo de un monta\u00f1ista desaparecido en 1986"},"content":{"rendered":"<p>Debido a los grandes<strong> cambios clim\u00e1ticos<\/strong> que est\u00e1 viviendo el planeta, ha llevado a que los grandes glaciares de <strong>Suiza<\/strong> comiencen a derretirse y consigo el nivel del mar aumente en un 30% en los \u00faltimos 70 a\u00f1os, otra consecuencia ha sido que muchos <strong>cuerpos<\/strong> de monta\u00f1istas declarados hace d\u00e9cadas como desaparecidos se han dejado en evidencias.<\/p>\n<p>Uno de los casos m\u00e1s reciente ocurri\u00f3 el pasado 12 de julio en un glaciar de los<strong> Alpes suizos<\/strong>, en donde un grupo de alpinistas observaron un cuerpo al lado de unos equipos, este hallazgo ocurri\u00f3 m\u00e1s exactamente en el <strong>glaciar de Te\u00f3dulo<\/strong>, seg\u00fan inform\u00f3 la polic\u00eda cantonal del Valais que se tratar\u00eda de un escalador alem\u00e1n desaparecido desde 1986.<\/p>\n<p><img fetchpriority=\"high\" decoding=\"async\" class=\"alignnone size-full wp-image-8894 lazyload\" src=\"data:image\/gif;base64,R0lGODlhAQABAAAAACH5BAEKAAEALAAAAAABAAEAAAICTAEAOw==\" data-src=\"https:\/\/www.droptheinfo.com\/es\/wp-content\/uploads\/2023\/07\/En-Suiza-sus-glaciares-se-derriten-y-dejan-a-la-vista-el-cuerpo-de-un-montanista-desaparecido-en-1986-5.jpg\" alt=\"\" width=\"800\" height=\"500\" data-sizes=\"auto\" data-srcset=\"https:\/\/www.droptheinfo.com\/es\/wp-content\/uploads\/2023\/07\/En-Suiza-sus-glaciares-se-derriten-y-dejan-a-la-vista-el-cuerpo-de-un-montanista-desaparecido-en-1986-5.jpg 800w, https:\/\/www.droptheinfo.com\/es\/wp-content\/uploads\/2023\/07\/En-Suiza-sus-glaciares-se-derriten-y-dejan-a-la-vista-el-cuerpo-de-un-montanista-desaparecido-en-1986-5-300x188.jpg 300w, https:\/\/www.droptheinfo.com\/es\/wp-content\/uploads\/2023\/07\/En-Suiza-sus-glaciares-se-derriten-y-dejan-a-la-vista-el-cuerpo-de-un-montanista-desaparecido-en-1986-5-768x480.jpg 768w, https:\/\/www.droptheinfo.com\/es\/wp-content\/uploads\/2023\/07\/En-Suiza-sus-glaciares-se-derriten-y-dejan-a-la-vista-el-cuerpo-de-un-montanista-desaparecido-en-1986-5-750x469.jpg 750w\" sizes=\"(max-width: 800px) 100vw, 800px\" \/><\/p>\n<p>Los restos de esta persona fueron trasportados de inmediato por el Servicio de Medicina Forense del Hospital del Valais en Sion, en donde se pudo establecer con exactitud tras varias pruebas y una de <strong>ADN<\/strong> que<em> \u00absi se trataba del <strong>monta\u00f1ista alem\u00e1n<\/strong> declarado como desaparecido en septiembre de 1986&#8243;<\/em>, indic\u00f3 la polic\u00eda.<\/p>\n<p>Este monta\u00f1ista, quien ten\u00eda 38 a\u00f1os en aquel entonces cuando fue declarado como desaparecido, <strong>aparece<\/strong> su cuerpo<strong> 36 a\u00f1os despu\u00e9s<\/strong> de haber realizado exhaustas labores de b\u00fasqueda que no dieron ning\u00fan resultado positivo.<\/p>\n<p>Los cambios clim\u00e1ticos que est\u00e1 viviendo Suiza se ha visto muy afectado en su ecosistema monta\u00f1oso, pues esta <strong>situaci\u00f3n es un poco dram\u00e1tica<\/strong>, ya que entre el 2021 y 2022 el volumen del hielo ha bajado un 6% en comparaci\u00f3n con el 2001 y 2002.<\/p>\n","protected":false},"excerpt":{"rendered":"<p>Debido a los grandes cambios clim\u00e1ticos que est\u00e1 viviendo el planeta, ha llevado a que los grandes glaciares de Suiza comiencen a derretirse y consigo el nivel del mar aumente en un 30% en los \u00faltimos 70 a\u00f1os, otra consecuencia ha sido que muchos cuerpos de monta\u00f1istas declarados hace d\u00e9cadas como desaparecidos se han dejado [&hellip;]<\/p>\n","protected":false},"author":5,"featured_media":8892,"comment_status":"open","ping_status":"open","sticky":false,"template":"","format":"standard","meta":{"footnotes":""},"categories":[867,45],"tags":[871,870,868,869],"class_list":["post-8820","post","type-post","status-publish","format-standard","has-post-thumbnail","hentry","category-cambios-climaticos","category-mundo","tag-alpes-suizos","tag-alpinista","tag-suiza","tag-teodulo"],"_links":{"self":[{"href":"https:\/\/www.droptheinfo.com\/es\/wp-json\/wp\/v2\/posts\/8820","targetHints":{"allow":["GET"]}}],"collection":[{"href":"https:\/\/www.droptheinfo.com\/es\/wp-json\/wp\/v2\/posts"}],"about":[{"href":"https:\/\/www.droptheinfo.com\/es\/wp-json\/wp\/v2\/types\/post"}],"author":[{"embeddable":true,"href":"https:\/\/www.droptheinfo.com\/es\/wp-json\/wp\/v2\/users\/5"}],"replies":[{"embeddable":true,"href":"https:\/\/www.droptheinfo.com\/es\/wp-json\/wp\/v2\/comments?post=8820"}],"version-history":[{"count":5,"href":"https:\/\/www.droptheinfo.com\/es\/wp-json\/wp\/v2\/posts\/8820\/revisions"}],"predecessor-version":[{"id":8896,"href":"https:\/\/www.droptheinfo.com\/es\/wp-json\/wp\/v2\/posts\/8820\/revisions\/8896"}],"wp:featuredmedia":[{"embeddable":true,"href":"https:\/\/www.droptheinfo.com\/es\/wp-json\/wp\/v2\/media\/8892"}],"wp:attachment":[{"href":"https:\/\/www.droptheinfo.com\/es\/wp-json\/wp\/v2\/media?parent=8820"}],"wp:term":[{"taxonomy":"category","embeddable":true,"href":"https:\/\/www.droptheinfo.com\/es\/wp-json\/wp\/v2\/categories?post=8820"},{"taxonomy":"post_tag","embeddable":true,"href":"https:\/\/www.droptheinfo.com\/es\/wp-json\/wp\/v2\/tags?post=8820"}],"curies":[{"name":"wp","href":"https:\/\/api.w.org\/{rel}","templated":true}]}}