{"id":8265,"date":"2023-07-20T10:11:51","date_gmt":"2023-07-20T17:11:51","guid":{"rendered":"https:\/\/www.droptheinfo.com\/es\/?p=8265"},"modified":"2023-07-20T10:11:51","modified_gmt":"2023-07-20T17:11:51","slug":"la-carcel-flotante-de-reino-unido-para-los-migrantes","status":"publish","type":"post","link":"https:\/\/www.droptheinfo.com\/es\/la-carcel-flotante-de-reino-unido-para-los-migrantes\/","title":{"rendered":"La c\u00e1rcel flotante de Reino Unido para los migrantes"},"content":{"rendered":"<p>El Gobierno de<strong> Reino Unido<\/strong> est\u00e1 buscando estrategias para mitigar la <strong>migraci\u00f3n<\/strong>, seg\u00fan lo inform\u00f3 el Primer Ministro Rishi Sunak, y para ello se idearon una <strong>c\u00e1rcel flotante<\/strong>. Estos, con el fin de que toda persona que llegue de manera ilegal ser\u00e1 llevado a prisi\u00f3n y no podr\u00e1 pedir asilo pol\u00edtico seg\u00fan la ley instaurada por el conservador Sunak, el rey Carlos III tendr\u00e1 que ratificar estos nevos cambios como parte de la formalidad.<\/p>\n<p>Ademar de ser detenidos, el <strong>Gobierno brit\u00e1nico<\/strong> exige que sean <strong>expulsados de inmediato<\/strong> a su pa\u00eds de origen o enviados a otro Estado como Ruanda, este nuevo proyecto de ley bloqueo durante varias semanas un bloqueo en el Parlamento, ya que la C\u00e1mara de los Lores solicit\u00f3 varias propuestas.<\/p>\n<p>La alcaldesa de Portland, Carralyn Parejas, se encuentra muy preocupada por el sistema de salud, seguridad y la infraestructura de la isla, porque no es suficiente para albergar tantos inmigrantes. Para ayudar a contrarrestar esta problem\u00e1tica, <strong>la c\u00e1rcel recibir\u00e1 m\u00e1s de dos millones de d\u00f3lares<\/strong> durante el periodo en que ser\u00e1 utilizado este barco.<\/p>\n<p><img fetchpriority=\"high\" decoding=\"async\" class=\"alignnone size-full wp-image-8315 lazyload\" src=\"data:image\/gif;base64,R0lGODlhAQABAAAAACH5BAEKAAEALAAAAAABAAEAAAICTAEAOw==\" data-src=\"https:\/\/www.droptheinfo.com\/es\/wp-content\/uploads\/2023\/07\/La-carcel-flotante-de-Reino-Unido-para-los-migrantes-4.jpg\" alt=\"\" width=\"800\" height=\"500\" data-sizes=\"auto\" data-srcset=\"https:\/\/www.droptheinfo.com\/es\/wp-content\/uploads\/2023\/07\/La-carcel-flotante-de-Reino-Unido-para-los-migrantes-4.jpg 800w, https:\/\/www.droptheinfo.com\/es\/wp-content\/uploads\/2023\/07\/La-carcel-flotante-de-Reino-Unido-para-los-migrantes-4-300x188.jpg 300w, https:\/\/www.droptheinfo.com\/es\/wp-content\/uploads\/2023\/07\/La-carcel-flotante-de-Reino-Unido-para-los-migrantes-4-768x480.jpg 768w, https:\/\/www.droptheinfo.com\/es\/wp-content\/uploads\/2023\/07\/La-carcel-flotante-de-Reino-Unido-para-los-migrantes-4-750x469.jpg 750w\" sizes=\"(max-width: 800px) 100vw, 800px\" \/><\/p>\n<p><strong>Las oeneg\u00e9s y la ONU<\/strong>, tan pronto conocieron la nueva medida, <strong>rechazaron totalmente esta propuesta<\/strong>, ya que entrar\u00eda en contradicci\u00f3n con los derechos humanos y refugiados, <em>\u00ablos migrantes no tendr\u00e1n ninguna garant\u00eda para poder recibir beneficios de protecci\u00f3n por parte del pa\u00eds\u00bb<\/em> afirm\u00f3 la Organizaci\u00f3n de las Naciones Unidas.<\/p>\n<p>El Alto Comisionado de los refugiados, Filippo Grandi y el Alto Comisionado de los Derechos Humanos, Volker Turk, denunciaron que<strong> esta propuesta tendr\u00e1 grandes consecuencias<\/strong> para las personas que soliciten refugio en el pa\u00eds brit\u00e1nico.<\/p>\n<p><em>\u00abEl <strong>Gobierno de Reino Unido est\u00e1 en serios problemas<\/strong> por aprobar el antiguo m\u00e9todo que consiste en obligar a los migrantes a su propio fracaso\u00bb<\/em> lament\u00f3 <strong>Michael Rosen<\/strong>, quien es un activista de los derechos de los refugiados que sali\u00f3 a las calles a protestar junto a decenas de personas este martes frente al Parlamento brit\u00e1nico.<\/p>\n<p>&nbsp;<\/p>\n","protected":false},"excerpt":{"rendered":"<p>El Gobierno de Reino Unido est\u00e1 buscando estrategias para mitigar la migraci\u00f3n, seg\u00fan lo inform\u00f3 el Primer Ministro Rishi Sunak, y para ello se idearon una c\u00e1rcel flotante. Estos, con el fin de que toda persona que llegue de manera ilegal ser\u00e1 llevado a prisi\u00f3n y no podr\u00e1 pedir asilo pol\u00edtico seg\u00fan la ley instaurada [&hellip;]<\/p>\n","protected":false},"author":5,"featured_media":8313,"comment_status":"open","ping_status":"open","sticky":false,"template":"","format":"standard","meta":{"footnotes":""},"categories":[45,43],"tags":[110,803,141,109],"class_list":["post-8265","post","type-post","status-publish","format-standard","has-post-thumbnail","hentry","category-mundo","category-viral","tag-migrantes","tag-ong","tag-onu","tag-reino-unido"],"_links":{"self":[{"href":"https:\/\/www.droptheinfo.com\/es\/wp-json\/wp\/v2\/posts\/8265","targetHints":{"allow":["GET"]}}],"collection":[{"href":"https:\/\/www.droptheinfo.com\/es\/wp-json\/wp\/v2\/posts"}],"about":[{"href":"https:\/\/www.droptheinfo.com\/es\/wp-json\/wp\/v2\/types\/post"}],"author":[{"embeddable":true,"href":"https:\/\/www.droptheinfo.com\/es\/wp-json\/wp\/v2\/users\/5"}],"replies":[{"embeddable":true,"href":"https:\/\/www.droptheinfo.com\/es\/wp-json\/wp\/v2\/comments?post=8265"}],"version-history":[{"count":7,"href":"https:\/\/www.droptheinfo.com\/es\/wp-json\/wp\/v2\/posts\/8265\/revisions"}],"predecessor-version":[{"id":8316,"href":"https:\/\/www.droptheinfo.com\/es\/wp-json\/wp\/v2\/posts\/8265\/revisions\/8316"}],"wp:featuredmedia":[{"embeddable":true,"href":"https:\/\/www.droptheinfo.com\/es\/wp-json\/wp\/v2\/media\/8313"}],"wp:attachment":[{"href":"https:\/\/www.droptheinfo.com\/es\/wp-json\/wp\/v2\/media?parent=8265"}],"wp:term":[{"taxonomy":"category","embeddable":true,"href":"https:\/\/www.droptheinfo.com\/es\/wp-json\/wp\/v2\/categories?post=8265"},{"taxonomy":"post_tag","embeddable":true,"href":"https:\/\/www.droptheinfo.com\/es\/wp-json\/wp\/v2\/tags?post=8265"}],"curies":[{"name":"wp","href":"https:\/\/api.w.org\/{rel}","templated":true}]}}