{"id":8199,"date":"2023-07-19T16:32:22","date_gmt":"2023-07-19T23:32:22","guid":{"rendered":"https:\/\/www.droptheinfo.com\/es\/?p=8199"},"modified":"2023-07-19T16:32:22","modified_gmt":"2023-07-19T23:32:22","slug":"la-policia-de-alemania-reprime-a-ambientalistas-por-cometer-acciones-ilegales-y-caoticas-protestas","status":"publish","type":"post","link":"https:\/\/www.droptheinfo.com\/es\/la-policia-de-alemania-reprime-a-ambientalistas-por-cometer-acciones-ilegales-y-caoticas-protestas\/","title":{"rendered":"La polic\u00eda de Alemania reprime a ambientalistas por cometer acciones ilegales y ca\u00f3ticas protestas"},"content":{"rendered":"<p>Las <strong>autoridades alemanas<\/strong> llevaron a cabo una serie de operativos por las protestas que han realizado los miembros <strong>ecologistas <\/strong>de <strong>\u00ab\u00daltima Generaci\u00f3n\u00bb<\/strong>, responsables de varias controvertidas operaciones de desobediencia civil, las cuales fueron criticadas por el jefe de gobierno, <strong>Olaf Scholz.<\/strong><\/p>\n<p>Se han registrado aproximadamente 15 lugares en el territorio alem\u00e1n, donde se han cometido varias <strong>infracciones por parte del movimiento ambientalista<\/strong> \u00ab\u00daltima Generaci\u00f3n\u00bb, a los que se les abri\u00f3 una <strong>investigaci\u00f3n<\/strong> contra siete de sus miembros.<\/p>\n<p><img fetchpriority=\"high\" decoding=\"async\" class=\"alignnone size-full wp-image-8202 lazyload\" src=\"data:image\/gif;base64,R0lGODlhAQABAAAAACH5BAEKAAEALAAAAAABAAEAAAICTAEAOw==\" data-src=\"https:\/\/www.droptheinfo.com\/es\/wp-content\/uploads\/2023\/07\/La-policia-de-Alemania-reprime-a-ambientalistas-por-cometer-acciones-ilegales-y-caoticas-protestas-1.jpg\" alt=\"\" width=\"1200\" height=\"800\" data-sizes=\"auto\" data-srcset=\"https:\/\/www.droptheinfo.com\/es\/wp-content\/uploads\/2023\/07\/La-policia-de-Alemania-reprime-a-ambientalistas-por-cometer-acciones-ilegales-y-caoticas-protestas-1.jpg 1200w, https:\/\/www.droptheinfo.com\/es\/wp-content\/uploads\/2023\/07\/La-policia-de-Alemania-reprime-a-ambientalistas-por-cometer-acciones-ilegales-y-caoticas-protestas-1-300x200.jpg 300w, https:\/\/www.droptheinfo.com\/es\/wp-content\/uploads\/2023\/07\/La-policia-de-Alemania-reprime-a-ambientalistas-por-cometer-acciones-ilegales-y-caoticas-protestas-1-768x512.jpg 768w, https:\/\/www.droptheinfo.com\/es\/wp-content\/uploads\/2023\/07\/La-policia-de-Alemania-reprime-a-ambientalistas-por-cometer-acciones-ilegales-y-caoticas-protestas-1-750x500.jpg 750w, https:\/\/www.droptheinfo.com\/es\/wp-content\/uploads\/2023\/07\/La-policia-de-Alemania-reprime-a-ambientalistas-por-cometer-acciones-ilegales-y-caoticas-protestas-1-1140x760.jpg 1140w\" sizes=\"(max-width: 1200px) 100vw, 1200px\" \/><\/p>\n<p>Las personas que se encuentran siendo investigadas tienen un aproximado entre 22 a 38 a\u00f1os de edad, acus\u00e1ndoseles de realizar publicidad en redes sociales y organizar colectas de fondos por 1,4 millones de euros, con los cuales llevar\u00edan a cabo<strong> acciones ilegales<\/strong>.<\/p>\n<p>Dos miembros del movimiento ambientalista \u00ab\u00daltima Generaci\u00f3n\u00bb se les declara <strong>sospechosos<\/strong> de haber <strong>saboteado el Oleoducto Triesteingolstadt<\/strong>, en abril del a\u00f1o 2022, puesto que es considerada como una infraestructura cr\u00edtica, seg\u00fan las autoridades de Alemania.<\/p>\n<div hcb-fetch-image-from=\"https:\/\/youtu.be\/Ea4ghghXoCU\" class=\"jlvid_container \"><iframe title=\"Alemania | Activistas clim\u00e1ticos se pegan las manos en carreteras bloqueando el tr\u00e1fico de Berl\u00edn\" width=\"1200\" height=\"675\" src=\"https:\/\/www.youtube.com\/embed\/Ea4ghghXoCU?feature=oembed\" frameborder=\"0\" allow=\"accelerometer; autoplay; clipboard-write; encrypted-media; gyroscope; picture-in-picture; web-share\" referrerpolicy=\"strict-origin-when-cross-origin\" allowfullscreen><\/iframe><\/div>\n<p>Los activistas ambientalistas han realizado plantones para pedir el cierre de varias instalaciones y tambi\u00e9n se han dado a conocer por las<strong> protestas en contra de minas de carb\u00f3n<\/strong> y plantas de energ\u00eda nuclear.<\/p>\n","protected":false},"excerpt":{"rendered":"<p>Las autoridades alemanas llevaron a cabo una serie de operativos por las protestas que han realizado los miembros ecologistas de \u00ab\u00daltima Generaci\u00f3n\u00bb, responsables de varias controvertidas operaciones de desobediencia civil, las cuales fueron criticadas por el jefe de gobierno, Olaf Scholz. Se han registrado aproximadamente 15 lugares en el territorio alem\u00e1n, donde se han cometido [&hellip;]<\/p>\n","protected":false},"author":10,"featured_media":8201,"comment_status":"open","ping_status":"open","sticky":false,"template":"","format":"standard","meta":{"footnotes":""},"categories":[500,45,43],"tags":[168,136],"class_list":["post-8199","post","type-post","status-publish","format-standard","has-post-thumbnail","hentry","category-investigacion","category-mundo","category-viral","tag-alemania","tag-protestas"],"_links":{"self":[{"href":"https:\/\/www.droptheinfo.com\/es\/wp-json\/wp\/v2\/posts\/8199","targetHints":{"allow":["GET"]}}],"collection":[{"href":"https:\/\/www.droptheinfo.com\/es\/wp-json\/wp\/v2\/posts"}],"about":[{"href":"https:\/\/www.droptheinfo.com\/es\/wp-json\/wp\/v2\/types\/post"}],"author":[{"embeddable":true,"href":"https:\/\/www.droptheinfo.com\/es\/wp-json\/wp\/v2\/users\/10"}],"replies":[{"embeddable":true,"href":"https:\/\/www.droptheinfo.com\/es\/wp-json\/wp\/v2\/comments?post=8199"}],"version-history":[{"count":3,"href":"https:\/\/www.droptheinfo.com\/es\/wp-json\/wp\/v2\/posts\/8199\/revisions"}],"predecessor-version":[{"id":8264,"href":"https:\/\/www.droptheinfo.com\/es\/wp-json\/wp\/v2\/posts\/8199\/revisions\/8264"}],"wp:featuredmedia":[{"embeddable":true,"href":"https:\/\/www.droptheinfo.com\/es\/wp-json\/wp\/v2\/media\/8201"}],"wp:attachment":[{"href":"https:\/\/www.droptheinfo.com\/es\/wp-json\/wp\/v2\/media?parent=8199"}],"wp:term":[{"taxonomy":"category","embeddable":true,"href":"https:\/\/www.droptheinfo.com\/es\/wp-json\/wp\/v2\/categories?post=8199"},{"taxonomy":"post_tag","embeddable":true,"href":"https:\/\/www.droptheinfo.com\/es\/wp-json\/wp\/v2\/tags?post=8199"}],"curies":[{"name":"wp","href":"https:\/\/api.w.org\/{rel}","templated":true}]}}