{"id":8189,"date":"2023-07-19T16:03:24","date_gmt":"2023-07-19T23:03:24","guid":{"rendered":"https:\/\/www.droptheinfo.com\/es\/?p=8189"},"modified":"2023-07-19T16:03:24","modified_gmt":"2023-07-19T23:03:24","slug":"eco-ambientalistas-protestan-en-dos-aeropuertos-alemanes-interrumpiendo-el-trafico-aereo","status":"publish","type":"post","link":"https:\/\/www.droptheinfo.com\/es\/eco-ambientalistas-protestan-en-dos-aeropuertos-alemanes-interrumpiendo-el-trafico-aereo\/","title":{"rendered":"Eco-ambientalistas protestan en dos aeropuertos alemanes, interrumpiendo el tr\u00e1fico a\u00e9reo"},"content":{"rendered":"<p>Personas del movimiento<strong> \u00daltima\u00a0Generaci\u00f3n<\/strong>, mejor conocidas como medioambientalistas, provocaron protestas en la pista de los <strong>aeropuertos alemanes<\/strong> de Hamburgo (norte) y D\u00fcsseldorf (oeste), las cuales generaron <strong>fuertes perturbaciones del tr\u00e1fico<\/strong>.<\/p>\n<p>Militantes medioambientalistas<strong> bloquearon las pistas de los aeropuertos alemanes<\/strong>, protestando contra la falta de planificaci\u00f3n que tiene el gobierno contra la <strong>crisis clim\u00e1tica<\/strong>, esto seg\u00fan el movimiento <strong>\u00daltima\u00a0Generaci\u00f3n<\/strong> en un comunicado.<\/p>\n<p><img fetchpriority=\"high\" decoding=\"async\" class=\"alignnone size-full wp-image-8197 lazyload\" src=\"data:image\/gif;base64,R0lGODlhAQABAAAAACH5BAEKAAEALAAAAAABAAEAAAICTAEAOw==\" data-src=\"https:\/\/www.droptheinfo.com\/es\/wp-content\/uploads\/2023\/07\/Eco-ambientalistas-protestan-en-dos-aeropuertos-alemanes-interrumpiendo-el-trafico-aereo-1.jpg\" alt=\"\" width=\"1200\" height=\"800\" data-sizes=\"auto\" data-srcset=\"https:\/\/www.droptheinfo.com\/es\/wp-content\/uploads\/2023\/07\/Eco-ambientalistas-protestan-en-dos-aeropuertos-alemanes-interrumpiendo-el-trafico-aereo-1.jpg 1200w, https:\/\/www.droptheinfo.com\/es\/wp-content\/uploads\/2023\/07\/Eco-ambientalistas-protestan-en-dos-aeropuertos-alemanes-interrumpiendo-el-trafico-aereo-1-300x200.jpg 300w, https:\/\/www.droptheinfo.com\/es\/wp-content\/uploads\/2023\/07\/Eco-ambientalistas-protestan-en-dos-aeropuertos-alemanes-interrumpiendo-el-trafico-aereo-1-768x512.jpg 768w, https:\/\/www.droptheinfo.com\/es\/wp-content\/uploads\/2023\/07\/Eco-ambientalistas-protestan-en-dos-aeropuertos-alemanes-interrumpiendo-el-trafico-aereo-1-750x500.jpg 750w, https:\/\/www.droptheinfo.com\/es\/wp-content\/uploads\/2023\/07\/Eco-ambientalistas-protestan-en-dos-aeropuertos-alemanes-interrumpiendo-el-trafico-aereo-1-1140x760.jpg 1140w\" sizes=\"(max-width: 1200px) 100vw, 1200px\" \/><\/p>\n<p><strong>El tr\u00e1fico en el aeropuerto qued\u00f3 suspendido<\/strong> por las <strong>protestas de dicho movimiento<\/strong>, que pegaron las manos en el suelo de la pista, entre las 4 horas 10 y las 7 horas 50 GMT, luego de una operaci\u00f3n policial que se encarg\u00f3 de <strong>desalojar a los activistas<\/strong>.<\/p>\n<p>Los aeropuertos alemanes de<strong> D\u00fcsseldorf y Hamburgo<\/strong> se encuentran en el cuarto y quinto nivel de los aeropuertos m\u00e1s grandes que existen en la naci\u00f3n alemana, quedando muy por detr\u00e1s del tr\u00e1fico de pasajeros de los aeropuertos de<strong> M\u00fanich<\/strong> o <strong>Fr\u00e1ncfort<\/strong>.<\/p>\n<div hcb-fetch-image-from=\"https:\/\/youtu.be\/B-NoETMm64Y\" class=\"jlvid_container \"><iframe title=\"Un grupo de delincuentes clim\u00e1ticos provoca el caos en dos aeropuertos alemanes\" width=\"1200\" height=\"675\" src=\"https:\/\/www.youtube.com\/embed\/B-NoETMm64Y?feature=oembed\" frameborder=\"0\" allow=\"accelerometer; autoplay; clipboard-write; encrypted-media; gyroscope; picture-in-picture; web-share\" referrerpolicy=\"strict-origin-when-cross-origin\" allowfullscreen><\/iframe><\/div>\n<p>Al movimiento colectivo \u00faltima generaci\u00f3n les han dado varios llamados de atenci\u00f3n en varias ocasiones, debido a sus acciones de <strong>desobediencia civil<\/strong> que usan para presionar al gobierno de acelerar el proceso de lucha contra el <strong>cambio clim\u00e1tico<\/strong>.<\/p>\n","protected":false},"excerpt":{"rendered":"<p>Personas del movimiento \u00daltima\u00a0Generaci\u00f3n, mejor conocidas como medioambientalistas, provocaron protestas en la pista de los aeropuertos alemanes de Hamburgo (norte) y D\u00fcsseldorf (oeste), las cuales generaron fuertes perturbaciones del tr\u00e1fico. Militantes medioambientalistas bloquearon las pistas de los aeropuertos alemanes, protestando contra la falta de planificaci\u00f3n que tiene el gobierno contra la crisis clim\u00e1tica, esto seg\u00fan [&hellip;]<\/p>\n","protected":false},"author":10,"featured_media":8196,"comment_status":"open","ping_status":"open","sticky":false,"template":"","format":"standard","meta":{"footnotes":""},"categories":[453,45,43],"tags":[168,797],"class_list":["post-8189","post","type-post","status-publish","format-standard","has-post-thumbnail","hentry","category-aerolineas","category-mundo","category-viral","tag-alemania","tag-ambientalistas"],"_links":{"self":[{"href":"https:\/\/www.droptheinfo.com\/es\/wp-json\/wp\/v2\/posts\/8189","targetHints":{"allow":["GET"]}}],"collection":[{"href":"https:\/\/www.droptheinfo.com\/es\/wp-json\/wp\/v2\/posts"}],"about":[{"href":"https:\/\/www.droptheinfo.com\/es\/wp-json\/wp\/v2\/types\/post"}],"author":[{"embeddable":true,"href":"https:\/\/www.droptheinfo.com\/es\/wp-json\/wp\/v2\/users\/10"}],"replies":[{"embeddable":true,"href":"https:\/\/www.droptheinfo.com\/es\/wp-json\/wp\/v2\/comments?post=8189"}],"version-history":[{"count":4,"href":"https:\/\/www.droptheinfo.com\/es\/wp-json\/wp\/v2\/posts\/8189\/revisions"}],"predecessor-version":[{"id":8263,"href":"https:\/\/www.droptheinfo.com\/es\/wp-json\/wp\/v2\/posts\/8189\/revisions\/8263"}],"wp:featuredmedia":[{"embeddable":true,"href":"https:\/\/www.droptheinfo.com\/es\/wp-json\/wp\/v2\/media\/8196"}],"wp:attachment":[{"href":"https:\/\/www.droptheinfo.com\/es\/wp-json\/wp\/v2\/media?parent=8189"}],"wp:term":[{"taxonomy":"category","embeddable":true,"href":"https:\/\/www.droptheinfo.com\/es\/wp-json\/wp\/v2\/categories?post=8189"},{"taxonomy":"post_tag","embeddable":true,"href":"https:\/\/www.droptheinfo.com\/es\/wp-json\/wp\/v2\/tags?post=8189"}],"curies":[{"name":"wp","href":"https:\/\/api.w.org\/{rel}","templated":true}]}}