{"id":8149,"date":"2023-07-19T15:21:44","date_gmt":"2023-07-19T22:21:44","guid":{"rendered":"https:\/\/www.droptheinfo.com\/es\/?p=8149"},"modified":"2023-07-19T15:21:44","modified_gmt":"2023-07-19T22:21:44","slug":"aprueban-la-prohibicion-del-aborto-desde-que-se-detecta-el-latido-fetal-en-iowa-estados-unidos","status":"publish","type":"post","link":"https:\/\/www.droptheinfo.com\/es\/aprueban-la-prohibicion-del-aborto-desde-que-se-detecta-el-latido-fetal-en-iowa-estados-unidos\/","title":{"rendered":"Aprueban la prohibici\u00f3n del aborto desde que se detecta el latido fetal en Iowa, Estados Unidos"},"content":{"rendered":"<p>Los senadores y los representantes estatales del estado de Iowa, <strong>Estados Unidos<\/strong>, aprobaron la ley que les <strong>proh\u00edbe a las personas de abortar<\/strong> despu\u00e9s de<strong> seis semanas<\/strong> de haber fecundado al bebe, se espera que la gobernadora del estado promulgue la ley.<\/p>\n<p>Mientras los senadores y los representantes estatales se reun\u00edan para discutir el tema de la ley que proh\u00edbe abortar al bebe despu\u00e9s de las seis semanas de gestaci\u00f3n, los miembros del p\u00fablico variaban unos a favor y otros en contra de este proyecto.<\/p>\n<p><img fetchpriority=\"high\" decoding=\"async\" class=\"alignnone size-full wp-image-8154 lazyload\" src=\"data:image\/gif;base64,R0lGODlhAQABAAAAACH5BAEKAAEALAAAAAABAAEAAAICTAEAOw==\" data-src=\"https:\/\/www.droptheinfo.com\/es\/wp-content\/uploads\/2023\/07\/Aprueban-la-prohibicion-del-aborto-desde-que-se-detecta-el-latido-fetal-en-Iowa-Estados-Unidos-1.jpg\" alt=\"\" width=\"1200\" height=\"800\" data-sizes=\"auto\" data-srcset=\"https:\/\/www.droptheinfo.com\/es\/wp-content\/uploads\/2023\/07\/Aprueban-la-prohibicion-del-aborto-desde-que-se-detecta-el-latido-fetal-en-Iowa-Estados-Unidos-1.jpg 1200w, https:\/\/www.droptheinfo.com\/es\/wp-content\/uploads\/2023\/07\/Aprueban-la-prohibicion-del-aborto-desde-que-se-detecta-el-latido-fetal-en-Iowa-Estados-Unidos-1-300x200.jpg 300w, https:\/\/www.droptheinfo.com\/es\/wp-content\/uploads\/2023\/07\/Aprueban-la-prohibicion-del-aborto-desde-que-se-detecta-el-latido-fetal-en-Iowa-Estados-Unidos-1-768x512.jpg 768w, https:\/\/www.droptheinfo.com\/es\/wp-content\/uploads\/2023\/07\/Aprueban-la-prohibicion-del-aborto-desde-que-se-detecta-el-latido-fetal-en-Iowa-Estados-Unidos-1-750x500.jpg 750w, https:\/\/www.droptheinfo.com\/es\/wp-content\/uploads\/2023\/07\/Aprueban-la-prohibicion-del-aborto-desde-que-se-detecta-el-latido-fetal-en-Iowa-Estados-Unidos-1-1140x760.jpg 1140w\" sizes=\"(max-width: 1200px) 100vw, 1200px\" \/><\/p>\n<p><strong>Sara Eide<\/strong>, miembro de la<strong> conferencia cat\u00f3lica<\/strong> del estado de Iowa, Estados Unidos, anim\u00f3 a los <strong>legisladores<\/strong> que se encontraban en la reuni\u00f3n de votar a favor de la ley, y coment\u00f3 lo siguiente: \u00ab<i>como sociedad debemos aprender a proteger a la poblaci\u00f3n vulnerable donde quiera que la encontremos<\/i>\u00ab.<\/p>\n<p>Leyes como las del estado de<strong> Iowa<\/strong>, proh\u00edben el aborto solo cuando se detecta un <em><strong>\u00ablatido del coraz\u00f3n fetal<\/strong>\u00ab<\/em>, que no se traduce f\u00e1cilmente a la ciencia m\u00e9dica, puesto que la tecnolog\u00eda avanzada puede detectar ese primer aleteo visual.<\/p>\n<div hcb-fetch-image-from=\"https:\/\/youtu.be\/_u3bRdPwLQ0\" class=\"jlvid_container \"><iframe title=\"Iowa aprueba la prohibici\u00f3n del aborto desde que se detecta el latido fetal #Shorts\" width=\"1200\" height=\"675\" src=\"https:\/\/www.youtube.com\/embed\/_u3bRdPwLQ0?feature=oembed\" frameborder=\"0\" allow=\"accelerometer; autoplay; clipboard-write; encrypted-media; gyroscope; picture-in-picture; web-share\" referrerpolicy=\"strict-origin-when-cross-origin\" allowfullscreen><\/iframe><\/div>\n<p class=\"\">Los <strong>expertos<\/strong> m\u00e9dicos dicen que<strong> el embri\u00f3n no es un feto<\/strong>, puesto que a\u00fan no tiene coraz\u00f3n y se le denomina feto cuando la mujer cumple las 11 semanas de<strong> embarazo<\/strong>.<\/p>\n","protected":false},"excerpt":{"rendered":"<p>Los senadores y los representantes estatales del estado de Iowa, Estados Unidos, aprobaron la ley que les proh\u00edbe a las personas de abortar despu\u00e9s de seis semanas de haber fecundado al bebe, se espera que la gobernadora del estado promulgue la ley. Mientras los senadores y los representantes estatales se reun\u00edan para discutir el tema [&hellip;]<\/p>\n","protected":false},"author":10,"featured_media":8153,"comment_status":"open","ping_status":"open","sticky":false,"template":"","format":"standard","meta":{"footnotes":""},"categories":[45,64,43],"tags":[72,796],"class_list":["post-8149","post","type-post","status-publish","format-standard","has-post-thumbnail","hentry","category-mundo","category-politica","category-viral","tag-estados-unidos","tag-iowa"],"_links":{"self":[{"href":"https:\/\/www.droptheinfo.com\/es\/wp-json\/wp\/v2\/posts\/8149","targetHints":{"allow":["GET"]}}],"collection":[{"href":"https:\/\/www.droptheinfo.com\/es\/wp-json\/wp\/v2\/posts"}],"about":[{"href":"https:\/\/www.droptheinfo.com\/es\/wp-json\/wp\/v2\/types\/post"}],"author":[{"embeddable":true,"href":"https:\/\/www.droptheinfo.com\/es\/wp-json\/wp\/v2\/users\/10"}],"replies":[{"embeddable":true,"href":"https:\/\/www.droptheinfo.com\/es\/wp-json\/wp\/v2\/comments?post=8149"}],"version-history":[{"count":7,"href":"https:\/\/www.droptheinfo.com\/es\/wp-json\/wp\/v2\/posts\/8149\/revisions"}],"predecessor-version":[{"id":8254,"href":"https:\/\/www.droptheinfo.com\/es\/wp-json\/wp\/v2\/posts\/8149\/revisions\/8254"}],"wp:featuredmedia":[{"embeddable":true,"href":"https:\/\/www.droptheinfo.com\/es\/wp-json\/wp\/v2\/media\/8153"}],"wp:attachment":[{"href":"https:\/\/www.droptheinfo.com\/es\/wp-json\/wp\/v2\/media?parent=8149"}],"wp:term":[{"taxonomy":"category","embeddable":true,"href":"https:\/\/www.droptheinfo.com\/es\/wp-json\/wp\/v2\/categories?post=8149"},{"taxonomy":"post_tag","embeddable":true,"href":"https:\/\/www.droptheinfo.com\/es\/wp-json\/wp\/v2\/tags?post=8149"}],"curies":[{"name":"wp","href":"https:\/\/api.w.org\/{rel}","templated":true}]}}