{"id":3129,"date":"2023-05-07T21:15:14","date_gmt":"2023-05-07T21:15:14","guid":{"rendered":"https:\/\/www.droptheinfo.com\/es\/?p=3129"},"modified":"2023-05-07T21:15:14","modified_gmt":"2023-05-07T21:15:14","slug":"este-es-el-momento-en-el-que-el-rey-carlos-iii-estuvo-semidesnudo-en-su-coronacion","status":"publish","type":"post","link":"https:\/\/www.droptheinfo.com\/es\/este-es-el-momento-en-el-que-el-rey-carlos-iii-estuvo-semidesnudo-en-su-coronacion\/","title":{"rendered":"Este es el momento en el que el Rey Carlos III estuvo semidesnudo en su coronaci\u00f3n"},"content":{"rendered":"<p>La coronaci\u00f3n del <strong>Rey Carlos III<\/strong> como monarca del <strong>Reino Unido<\/strong> dej\u00f3 a m\u00e1s de uno sorprendido y un suceso que no podr\u00e1n olvidar, pues en medio de la ceremonia, se vivi\u00f3 un momento algo peculiar para aquellos que no est\u00e1n familiarizados con los protocolos reales, resulta que el itinerario del rey requiri\u00f3 que se quitara la ropa en pleno evento.<\/p>\n<p>Despu\u00e9s de ocho meses en el trono, tras la triste partida de<strong> Isabel II<\/strong>, el <strong>Rey Carlos III<\/strong> fue coronado junto a su esposa <strong>Camilla Parker<\/strong> en una ceremonia \u00fanica en Europa. La Abad\u00eda de Westminster, en el centro de Londres, fue testigo de la colocaci\u00f3n de la Corona de <strong>San Eduardo<\/strong> sobre la cabeza del monarca de 74 a\u00f1os por parte del arzobispo de Canterbury,<strong> Justin Welby<\/strong>, l\u00edder espiritual de la Iglesia de Inglaterra.<\/p>\n<p><img fetchpriority=\"high\" decoding=\"async\" class=\"alignnone size-full wp-image-3131 lazyload\" src=\"data:image\/gif;base64,R0lGODlhAQABAAAAACH5BAEKAAEALAAAAAABAAEAAAICTAEAOw==\" data-src=\"https:\/\/www.droptheinfo.com\/es\/wp-content\/uploads\/2023\/05\/Este-es-el-momento-en-el-que-el-Rey-Carlos-III-estuvo-semidesnudo-en-su-coronacion-1.jpg\" alt=\"\" width=\"1006\" height=\"670\" data-sizes=\"auto\" data-srcset=\"https:\/\/www.droptheinfo.com\/es\/wp-content\/uploads\/2023\/05\/Este-es-el-momento-en-el-que-el-Rey-Carlos-III-estuvo-semidesnudo-en-su-coronacion-1.jpg 1006w, https:\/\/www.droptheinfo.com\/es\/wp-content\/uploads\/2023\/05\/Este-es-el-momento-en-el-que-el-Rey-Carlos-III-estuvo-semidesnudo-en-su-coronacion-1-300x200.jpg 300w, https:\/\/www.droptheinfo.com\/es\/wp-content\/uploads\/2023\/05\/Este-es-el-momento-en-el-que-el-Rey-Carlos-III-estuvo-semidesnudo-en-su-coronacion-1-768x511.jpg 768w, https:\/\/www.droptheinfo.com\/es\/wp-content\/uploads\/2023\/05\/Este-es-el-momento-en-el-que-el-Rey-Carlos-III-estuvo-semidesnudo-en-su-coronacion-1-750x500.jpg 750w\" sizes=\"(max-width: 1006px) 100vw, 1006px\" \/><\/p>\n<p>Poco despu\u00e9s de regresar al <strong>Palacio de Buckingham<\/strong> en una procesi\u00f3n escoltada por miles de militares con uniformes de gala, los monarcas aparecieron en el balc\u00f3n para saludar y presenciar desde all\u00ed un desfile a\u00e9reo que fue reducido debido al mal tiempo.<\/p>\n<p>El rey prest\u00f3 juramento con la mano sobre la Biblia y luego vino la parte m\u00e1s sagrada del acto, la<strong> unci\u00f3n del Rey Carlos III<\/strong>. El arzobispo <strong>Welby<\/strong> ungi\u00f3 las manos, el pecho y la cabeza del monarca, el cual fue ocultado de la vista por una pantalla. Este gesto fue acompa\u00f1ado por una invitaci\u00f3n del religioso a todas las personas presentes, ya sea viendo o escuchando la coronaci\u00f3n, a jurar lealtad al nuevo rey, esto como un\u00a0intento de democratizar la ceremonia.<\/p>\n<p><img decoding=\"async\" class=\"alignnone size-full wp-image-3132 lazyload\" src=\"data:image\/gif;base64,R0lGODlhAQABAAAAACH5BAEKAAEALAAAAAABAAEAAAICTAEAOw==\" data-src=\"https:\/\/www.droptheinfo.com\/es\/wp-content\/uploads\/2023\/05\/Este-es-el-momento-en-el-que-el-Rey-Carlos-III-estuvo-semidesnudo-en-su-coronacion-2.jpg\" alt=\"\" width=\"1200\" height=\"675\" data-sizes=\"auto\" data-srcset=\"https:\/\/www.droptheinfo.com\/es\/wp-content\/uploads\/2023\/05\/Este-es-el-momento-en-el-que-el-Rey-Carlos-III-estuvo-semidesnudo-en-su-coronacion-2.jpg 1200w, https:\/\/www.droptheinfo.com\/es\/wp-content\/uploads\/2023\/05\/Este-es-el-momento-en-el-que-el-Rey-Carlos-III-estuvo-semidesnudo-en-su-coronacion-2-300x169.jpg 300w, https:\/\/www.droptheinfo.com\/es\/wp-content\/uploads\/2023\/05\/Este-es-el-momento-en-el-que-el-Rey-Carlos-III-estuvo-semidesnudo-en-su-coronacion-2-1024x576.jpg 1024w, https:\/\/www.droptheinfo.com\/es\/wp-content\/uploads\/2023\/05\/Este-es-el-momento-en-el-que-el-Rey-Carlos-III-estuvo-semidesnudo-en-su-coronacion-2-768x432.jpg 768w, https:\/\/www.droptheinfo.com\/es\/wp-content\/uploads\/2023\/05\/Este-es-el-momento-en-el-que-el-Rey-Carlos-III-estuvo-semidesnudo-en-su-coronacion-2-750x422.jpg 750w, https:\/\/www.droptheinfo.com\/es\/wp-content\/uploads\/2023\/05\/Este-es-el-momento-en-el-que-el-Rey-Carlos-III-estuvo-semidesnudo-en-su-coronacion-2-1140x641.jpg 1140w\" sizes=\"(max-width: 1200px) 100vw, 1200px\" \/><\/p>\n<blockquote hcb-fetch-image-from=\"https:\/\/twitter.com\/AlertaNews24\/status\/1654967022139109376\" class=\"twitter-tweet\" data-width=\"550\" data-dnt=\"true\">\n<p lang=\"es\" dir=\"ltr\">\ud83c\uddec\ud83c\udde7 CORONACI\u00d3N DE CARLOS III \ud83c\uddec\ud83c\udde7<\/p>\n<p>Parte m\u00e1s sagrada, el Arzobispo de Canterbury unge manos, pecho y cabeza dela rey con aceite sagrado en la Silla de Coronaci\u00f3n<\/p>\n<p>Considerada un momento entre el Rey y Dios, la Pantalla de Unci\u00f3n protege la santidad del acto.<br \/> <a href=\"https:\/\/t.co\/QfrJXlFdkM\">pic.twitter.com\/QfrJXlFdkM<\/a><\/p>\n<p>&mdash; Alerta News 24 (@AlertaNews24) <a href=\"https:\/\/twitter.com\/AlertaNews24\/status\/1654967022139109376?ref_src=twsrc%5Etfw\" target=\"_blank\" rel=\"noopener\">May 6, 2023<\/a><\/p><\/blockquote>\n<p><script async src=\"https:\/\/platform.twitter.com\/widgets.js\" charset=\"utf-8\"><\/script><\/p>\n","protected":false},"excerpt":{"rendered":"<p>La coronaci\u00f3n del Rey Carlos III como monarca del Reino Unido dej\u00f3 a m\u00e1s de uno sorprendido y un suceso que no podr\u00e1n olvidar, pues en medio de la ceremonia, se vivi\u00f3 un momento algo peculiar para aquellos que no est\u00e1n familiarizados con los protocolos reales, resulta que el itinerario del rey requiri\u00f3 que se [&hellip;]<\/p>\n","protected":false},"author":4,"featured_media":3130,"comment_status":"open","ping_status":"open","sticky":false,"template":"","format":"standard","meta":{"footnotes":""},"categories":[46,45,64],"tags":[373,47],"class_list":["post-3129","post","type-post","status-publish","format-standard","has-post-thumbnail","hentry","category-familia-real","category-mundo","category-politica","tag-familia-real","tag-rey-carlos-iii"],"_links":{"self":[{"href":"https:\/\/www.droptheinfo.com\/es\/wp-json\/wp\/v2\/posts\/3129","targetHints":{"allow":["GET"]}}],"collection":[{"href":"https:\/\/www.droptheinfo.com\/es\/wp-json\/wp\/v2\/posts"}],"about":[{"href":"https:\/\/www.droptheinfo.com\/es\/wp-json\/wp\/v2\/types\/post"}],"author":[{"embeddable":true,"href":"https:\/\/www.droptheinfo.com\/es\/wp-json\/wp\/v2\/users\/4"}],"replies":[{"embeddable":true,"href":"https:\/\/www.droptheinfo.com\/es\/wp-json\/wp\/v2\/comments?post=3129"}],"version-history":[{"count":2,"href":"https:\/\/www.droptheinfo.com\/es\/wp-json\/wp\/v2\/posts\/3129\/revisions"}],"predecessor-version":[{"id":3135,"href":"https:\/\/www.droptheinfo.com\/es\/wp-json\/wp\/v2\/posts\/3129\/revisions\/3135"}],"wp:featuredmedia":[{"embeddable":true,"href":"https:\/\/www.droptheinfo.com\/es\/wp-json\/wp\/v2\/media\/3130"}],"wp:attachment":[{"href":"https:\/\/www.droptheinfo.com\/es\/wp-json\/wp\/v2\/media?parent=3129"}],"wp:term":[{"taxonomy":"category","embeddable":true,"href":"https:\/\/www.droptheinfo.com\/es\/wp-json\/wp\/v2\/categories?post=3129"},{"taxonomy":"post_tag","embeddable":true,"href":"https:\/\/www.droptheinfo.com\/es\/wp-json\/wp\/v2\/tags?post=3129"}],"curies":[{"name":"wp","href":"https:\/\/api.w.org\/{rel}","templated":true}]}}