{"id":3061,"date":"2023-05-07T00:21:52","date_gmt":"2023-05-07T00:21:52","guid":{"rendered":"https:\/\/www.droptheinfo.com\/es\/?p=3061"},"modified":"2023-05-07T00:21:52","modified_gmt":"2023-05-07T00:21:52","slug":"presentadora-ha-criticado-fuertemente-la-coronacion-del-rey-carlos-iii","status":"publish","type":"post","link":"https:\/\/www.droptheinfo.com\/es\/presentadora-ha-criticado-fuertemente-la-coronacion-del-rey-carlos-iii\/","title":{"rendered":"Presentadora ha criticado fuertemente la coronaci\u00f3n del Rey Carlos III"},"content":{"rendered":"<p>La coronaci\u00f3n del<strong> rey Carlos III<\/strong> en el Reino Unido ha generado gran expectaci\u00f3n a nivel mundial, pues el d\u00eda de hoy, s\u00e1bado 6 de mayo, el mundo entero se detuvo para presenciar este importante evento de coronaci\u00f3n.<\/p>\n<p>Millones de personas en diferentes pa\u00edses estuvieron pendientes de la transmisi\u00f3n y Colombia no fue la excepci\u00f3n, aunque hubo opiniones dividas sobre la coronaci\u00f3n. Una de las personas que expres\u00f3 su desinter\u00e9s por el evento fue la presentadora del programa \u00ab<strong>La Red<\/strong>\u00ab, presentado en horas de la tarde en el canal Caracol TV, <strong>Mary M\u00e9ndez<\/strong>, quien est\u00e1 acostumbrada a opinar sobre los hechos de la far\u00e1ndula. Sin embargo, M\u00e9ndez sorprendi\u00f3 a sus seguidores en redes sociales al demostrar la poca importancia que tiene al evento y lanzar un comentario sarc\u00e1stico sobre el monarca.<\/p>\n<p><img fetchpriority=\"high\" decoding=\"async\" class=\"alignnone size-full wp-image-3073 lazyload\" src=\"data:image\/gif;base64,R0lGODlhAQABAAAAACH5BAEKAAEALAAAAAABAAEAAAICTAEAOw==\" data-src=\"https:\/\/www.droptheinfo.com\/es\/wp-content\/uploads\/2023\/05\/Presentadora-ha-criticado-fuertemente-la-coronacion-del-Rey-Carlos-III-2.jpg\" alt=\"\" width=\"900\" height=\"506\" data-sizes=\"auto\" data-srcset=\"https:\/\/www.droptheinfo.com\/es\/wp-content\/uploads\/2023\/05\/Presentadora-ha-criticado-fuertemente-la-coronacion-del-Rey-Carlos-III-2.jpg 900w, https:\/\/www.droptheinfo.com\/es\/wp-content\/uploads\/2023\/05\/Presentadora-ha-criticado-fuertemente-la-coronacion-del-Rey-Carlos-III-2-300x169.jpg 300w, https:\/\/www.droptheinfo.com\/es\/wp-content\/uploads\/2023\/05\/Presentadora-ha-criticado-fuertemente-la-coronacion-del-Rey-Carlos-III-2-768x432.jpg 768w, https:\/\/www.droptheinfo.com\/es\/wp-content\/uploads\/2023\/05\/Presentadora-ha-criticado-fuertemente-la-coronacion-del-Rey-Carlos-III-2-750x422.jpg 750w\" sizes=\"(max-width: 900px) 100vw, 900px\" \/><\/p>\n<p>Sus palabras fueron:<\/p>\n<blockquote><p>Inmensamente agradecida con Dios por haberme permitido nacer en el plebe\u00edsmo, le saco el cuerpo hasta a un bautizo, imag\u00ednate t\u00fa la coronaci\u00f3n de un rey.<\/p><\/blockquote>\n<p>La ceremonia de coronaci\u00f3n se realiz\u00f3 en la <strong>Abad\u00eda de Westminster<\/strong>, a la que el <strong>rey Carlos III<\/strong> y la reina consorte, Camilla Parker, se dirigieron en procesi\u00f3n desde el<strong> Palacio de Buckingham<\/strong>, en <strong>Londres<\/strong>. El monarca fue coronado ante la presencia de otros miembros de la realeza y miles de invitados.<\/p>\n<p>Aunque los reyes estuvieron acompa\u00f1ados por el heredero al trono, el <strong>Pr\u00edncipe William<\/strong>, y su esposa <strong>Kate Middleton<\/strong>, no estuvieron presentes el <strong>Pr\u00edncipe Harry<\/strong>, hijo menor de Carlos III, ni su hermano, el <strong>Pr\u00edncipe Andr\u00e9s<\/strong>, quienes se han retirado de la monarqu\u00eda Brit\u00e1nica.<\/p>\n<p><img decoding=\"async\" class=\"alignnone size-full wp-image-3072 lazyload\" src=\"data:image\/gif;base64,R0lGODlhAQABAAAAACH5BAEKAAEALAAAAAABAAEAAAICTAEAOw==\" data-src=\"https:\/\/www.droptheinfo.com\/es\/wp-content\/uploads\/2023\/05\/Presentadora-ha-criticado-fuertemente-la-coronacion-del-Rey-Carlos-III-1.jpg\" alt=\"\" width=\"900\" height=\"600\" data-sizes=\"auto\" data-srcset=\"https:\/\/www.droptheinfo.com\/es\/wp-content\/uploads\/2023\/05\/Presentadora-ha-criticado-fuertemente-la-coronacion-del-Rey-Carlos-III-1.jpg 900w, https:\/\/www.droptheinfo.com\/es\/wp-content\/uploads\/2023\/05\/Presentadora-ha-criticado-fuertemente-la-coronacion-del-Rey-Carlos-III-1-300x200.jpg 300w, https:\/\/www.droptheinfo.com\/es\/wp-content\/uploads\/2023\/05\/Presentadora-ha-criticado-fuertemente-la-coronacion-del-Rey-Carlos-III-1-768x512.jpg 768w, https:\/\/www.droptheinfo.com\/es\/wp-content\/uploads\/2023\/05\/Presentadora-ha-criticado-fuertemente-la-coronacion-del-Rey-Carlos-III-1-750x500.jpg 750w\" sizes=\"(max-width: 900px) 100vw, 900px\" \/><\/p>\n<p>La coronaci\u00f3n del <strong>Rey Carlos III<\/strong> ha marcado un hito en la historia del <strong>Reino Unido<\/strong> y representa un momento significativo para la monarqu\u00eda moderna. A pesar de las opiniones negativas del p\u00fablico alrededor del mundo, el evento contin\u00faa generando un gran inter\u00e9s y se espera que tenga un impacto positivo duradero en la sociedad Brit\u00e1nica.<\/p>\n<blockquote hcb-fetch-image-from=\"https:\/\/twitter.com\/MENDEZMARY55\/status\/1654830953649385472\" class=\"twitter-tweet\" data-width=\"550\" data-dnt=\"true\">\n<p lang=\"es\" dir=\"ltr\">Inmensamente agradecida con Dios por haberme permitido nacer en en el plebe\u00edsmo, le saco el cuerpo hasta a un bautizo, maginate tu la coronaci\u00f3n de un rey \ud83e\udd71<\/p>\n<p>&mdash; MARY MENDEZ (@MENDEZMARY55) <a href=\"https:\/\/twitter.com\/MENDEZMARY55\/status\/1654830953649385472?ref_src=twsrc%5Etfw\" target=\"_blank\" rel=\"noopener\">May 6, 2023<\/a><\/p><\/blockquote>\n<p><script async src=\"https:\/\/platform.twitter.com\/widgets.js\" charset=\"utf-8\"><\/script><\/p>\n","protected":false},"excerpt":{"rendered":"<p>La coronaci\u00f3n del rey Carlos III en el Reino Unido ha generado gran expectaci\u00f3n a nivel mundial, pues el d\u00eda de hoy, s\u00e1bado 6 de mayo, el mundo entero se detuvo para presenciar este importante evento de coronaci\u00f3n. Millones de personas en diferentes pa\u00edses estuvieron pendientes de la transmisi\u00f3n y Colombia no fue la excepci\u00f3n, [&hellip;]<\/p>\n","protected":false},"author":4,"featured_media":3071,"comment_status":"open","ping_status":"open","sticky":false,"template":"","format":"standard","meta":{"footnotes":""},"categories":[39,46,45],"tags":[47],"class_list":["post-3061","post","type-post","status-publish","format-standard","has-post-thumbnail","hentry","category-entretenimiento","category-familia-real","category-mundo","tag-rey-carlos-iii"],"_links":{"self":[{"href":"https:\/\/www.droptheinfo.com\/es\/wp-json\/wp\/v2\/posts\/3061","targetHints":{"allow":["GET"]}}],"collection":[{"href":"https:\/\/www.droptheinfo.com\/es\/wp-json\/wp\/v2\/posts"}],"about":[{"href":"https:\/\/www.droptheinfo.com\/es\/wp-json\/wp\/v2\/types\/post"}],"author":[{"embeddable":true,"href":"https:\/\/www.droptheinfo.com\/es\/wp-json\/wp\/v2\/users\/4"}],"replies":[{"embeddable":true,"href":"https:\/\/www.droptheinfo.com\/es\/wp-json\/wp\/v2\/comments?post=3061"}],"version-history":[{"count":4,"href":"https:\/\/www.droptheinfo.com\/es\/wp-json\/wp\/v2\/posts\/3061\/revisions"}],"predecessor-version":[{"id":3075,"href":"https:\/\/www.droptheinfo.com\/es\/wp-json\/wp\/v2\/posts\/3061\/revisions\/3075"}],"wp:featuredmedia":[{"embeddable":true,"href":"https:\/\/www.droptheinfo.com\/es\/wp-json\/wp\/v2\/media\/3071"}],"wp:attachment":[{"href":"https:\/\/www.droptheinfo.com\/es\/wp-json\/wp\/v2\/media?parent=3061"}],"wp:term":[{"taxonomy":"category","embeddable":true,"href":"https:\/\/www.droptheinfo.com\/es\/wp-json\/wp\/v2\/categories?post=3061"},{"taxonomy":"post_tag","embeddable":true,"href":"https:\/\/www.droptheinfo.com\/es\/wp-json\/wp\/v2\/tags?post=3061"}],"curies":[{"name":"wp","href":"https:\/\/api.w.org\/{rel}","templated":true}]}}