{"id":2926,"date":"2023-05-05T18:25:16","date_gmt":"2023-05-05T18:25:16","guid":{"rendered":"https:\/\/www.droptheinfo.com\/es\/?p=2926"},"modified":"2023-05-05T18:25:16","modified_gmt":"2023-05-05T18:25:16","slug":"en-serbia-las-autoridades-confirmaron-la-captura-del-sospecho-del-segundo-tiroteo-masivo-en-el-pais","status":"publish","type":"post","link":"https:\/\/www.droptheinfo.com\/es\/en-serbia-las-autoridades-confirmaron-la-captura-del-sospecho-del-segundo-tiroteo-masivo-en-el-pais\/","title":{"rendered":"En Serbia las autoridades confirmaron la captura del sospecho del segundo tiroteo masivo en el pais"},"content":{"rendered":"<p>La noticia del tiroteo en <strong>Serbia<\/strong> est\u00e1 dando de que hablar alrededor del mundo, esto despu\u00e9s de que al menos ocho personas murieran y otras 13 resultaran heridas a manos de un joven de 21 a\u00f1os, quien disparo con un arma autom\u00e1tica en tres pueblos diferentes en el municipio de <strong>Mladenovac<\/strong>, Serbia.<\/p>\n<p>El ataque comenz\u00f3 en <strong>Dubona<\/strong>, un pueblo rural a unos 60 kil\u00f3metros de Belgrado, para despu\u00e9s moverse a Mali <strong>Ora\u0161je<\/strong> y <strong>\u0160ep\u0161in<\/strong>. El sospechoso, identificado como Uros B., fue detenido en la ma\u00f1ana siguiente en el pueblo de <strong>Kragujevac<\/strong>, a 60 kil\u00f3metros del lugar del tiroteo.<\/p>\n<p><img fetchpriority=\"high\" decoding=\"async\" class=\"alignnone size-full wp-image-2934 lazyload\" src=\"data:image\/gif;base64,R0lGODlhAQABAAAAACH5BAEKAAEALAAAAAABAAEAAAICTAEAOw==\" data-src=\"https:\/\/www.droptheinfo.com\/es\/wp-content\/uploads\/2023\/05\/En-Serbia-las-autoridades-confirmaron-la-captura-del-sospecho-del-segundo-tiroteo-masivo-en-el-pais-2.jpg\" alt=\"\" width=\"1280\" height=\"720\" data-sizes=\"auto\" data-srcset=\"https:\/\/www.droptheinfo.com\/es\/wp-content\/uploads\/2023\/05\/En-Serbia-las-autoridades-confirmaron-la-captura-del-sospecho-del-segundo-tiroteo-masivo-en-el-pais-2.jpg 1280w, https:\/\/www.droptheinfo.com\/es\/wp-content\/uploads\/2023\/05\/En-Serbia-las-autoridades-confirmaron-la-captura-del-sospecho-del-segundo-tiroteo-masivo-en-el-pais-2-300x169.jpg 300w, https:\/\/www.droptheinfo.com\/es\/wp-content\/uploads\/2023\/05\/En-Serbia-las-autoridades-confirmaron-la-captura-del-sospecho-del-segundo-tiroteo-masivo-en-el-pais-2-1024x576.jpg 1024w, https:\/\/www.droptheinfo.com\/es\/wp-content\/uploads\/2023\/05\/En-Serbia-las-autoridades-confirmaron-la-captura-del-sospecho-del-segundo-tiroteo-masivo-en-el-pais-2-768x432.jpg 768w, https:\/\/www.droptheinfo.com\/es\/wp-content\/uploads\/2023\/05\/En-Serbia-las-autoridades-confirmaron-la-captura-del-sospecho-del-segundo-tiroteo-masivo-en-el-pais-2-750x422.jpg 750w, https:\/\/www.droptheinfo.com\/es\/wp-content\/uploads\/2023\/05\/En-Serbia-las-autoridades-confirmaron-la-captura-del-sospecho-del-segundo-tiroteo-masivo-en-el-pais-2-1140x641.jpg 1140w\" sizes=\"(max-width: 1280px) 100vw, 1280px\" \/><\/p>\n<p>Las autoridades tambi\u00e9n encontraron cuatro granadas de mano en su casa, la polic\u00eda serbia habr\u00eda desplegado todas las unidades disponibles para capturar a este sospechoso, incluyendo <strong>helic\u00f3pteros y c\u00e1maras de imagen t\u00e9rmica.<\/strong><\/p>\n<p>El <strong>Ministro del Interior<\/strong> confirmo que el incidente es considerado un acto de terrorismo nacional, pero no han proporcionado m\u00e1s detalles al respecto. Sin embargo, parece que <strong>Serbia<\/strong> est\u00e1 teniendo una semana de \u00ab<strong>terror<\/strong>\u00ab, ya que solo un d\u00eda antes, un ni\u00f1o de 13 a\u00f1os abri\u00f3 fuego contra sus compa\u00f1eros de clase en una escuela en Belgrado, dejando as\u00ed a ocho ni\u00f1os u un guardia de seguridad muertos.<\/p>\n<p><img decoding=\"async\" class=\"alignnone size-full wp-image-2932 lazyload\" src=\"data:image\/gif;base64,R0lGODlhAQABAAAAACH5BAEKAAEALAAAAAABAAEAAAICTAEAOw==\" data-src=\"https:\/\/www.droptheinfo.com\/es\/wp-content\/uploads\/2023\/05\/En-Serbia-las-autoridades-confirmaron-la-captura-del-sospecho-del-segundo-tiroteo-masivo-en-el-pais.jpg\" alt=\"\" width=\"1024\" height=\"575\" data-sizes=\"auto\" data-srcset=\"https:\/\/www.droptheinfo.com\/es\/wp-content\/uploads\/2023\/05\/En-Serbia-las-autoridades-confirmaron-la-captura-del-sospecho-del-segundo-tiroteo-masivo-en-el-pais.jpg 1024w, https:\/\/www.droptheinfo.com\/es\/wp-content\/uploads\/2023\/05\/En-Serbia-las-autoridades-confirmaron-la-captura-del-sospecho-del-segundo-tiroteo-masivo-en-el-pais-300x168.jpg 300w, https:\/\/www.droptheinfo.com\/es\/wp-content\/uploads\/2023\/05\/En-Serbia-las-autoridades-confirmaron-la-captura-del-sospecho-del-segundo-tiroteo-masivo-en-el-pais-768x431.jpg 768w, https:\/\/www.droptheinfo.com\/es\/wp-content\/uploads\/2023\/05\/En-Serbia-las-autoridades-confirmaron-la-captura-del-sospecho-del-segundo-tiroteo-masivo-en-el-pais-750x421.jpg 750w\" sizes=\"(max-width: 1024px) 100vw, 1024px\" \/><\/p>\n<p>Serbia tiene el nivel m\u00e1s alto de posesi\u00f3n civil de armas en <strong>Europa<\/strong> y el quinto m\u00e1s alto del mundo, por lo que muchos aseguran que no es sorprendente que exista un riesgo tan alto de violencia armada en el pa\u00eds. A pesar de esto, los tiroteos masivos son demasiado inusuales en el pa\u00eds.<\/p>\n","protected":false},"excerpt":{"rendered":"<p>La noticia del tiroteo en Serbia est\u00e1 dando de que hablar alrededor del mundo, esto despu\u00e9s de que al menos ocho personas murieran y otras 13 resultaran heridas a manos de un joven de 21 a\u00f1os, quien disparo con un arma autom\u00e1tica en tres pueblos diferentes en el municipio de Mladenovac, Serbia. El ataque comenz\u00f3 [&hellip;]<\/p>\n","protected":false},"author":4,"featured_media":2933,"comment_status":"open","ping_status":"open","sticky":false,"template":"","format":"standard","meta":{"footnotes":""},"categories":[45,42,150,43],"tags":[353,180],"class_list":["post-2926","post","type-post","status-publish","format-standard","has-post-thumbnail","hentry","category-mundo","category-redes-sociales","category-tragedia","category-viral","tag-serbia","tag-tragedia"],"_links":{"self":[{"href":"https:\/\/www.droptheinfo.com\/es\/wp-json\/wp\/v2\/posts\/2926","targetHints":{"allow":["GET"]}}],"collection":[{"href":"https:\/\/www.droptheinfo.com\/es\/wp-json\/wp\/v2\/posts"}],"about":[{"href":"https:\/\/www.droptheinfo.com\/es\/wp-json\/wp\/v2\/types\/post"}],"author":[{"embeddable":true,"href":"https:\/\/www.droptheinfo.com\/es\/wp-json\/wp\/v2\/users\/4"}],"replies":[{"embeddable":true,"href":"https:\/\/www.droptheinfo.com\/es\/wp-json\/wp\/v2\/comments?post=2926"}],"version-history":[{"count":2,"href":"https:\/\/www.droptheinfo.com\/es\/wp-json\/wp\/v2\/posts\/2926\/revisions"}],"predecessor-version":[{"id":2936,"href":"https:\/\/www.droptheinfo.com\/es\/wp-json\/wp\/v2\/posts\/2926\/revisions\/2936"}],"wp:featuredmedia":[{"embeddable":true,"href":"https:\/\/www.droptheinfo.com\/es\/wp-json\/wp\/v2\/media\/2933"}],"wp:attachment":[{"href":"https:\/\/www.droptheinfo.com\/es\/wp-json\/wp\/v2\/media?parent=2926"}],"wp:term":[{"taxonomy":"category","embeddable":true,"href":"https:\/\/www.droptheinfo.com\/es\/wp-json\/wp\/v2\/categories?post=2926"},{"taxonomy":"post_tag","embeddable":true,"href":"https:\/\/www.droptheinfo.com\/es\/wp-json\/wp\/v2\/tags?post=2926"}],"curies":[{"name":"wp","href":"https:\/\/api.w.org\/{rel}","templated":true}]}}