{"id":2130,"date":"2023-04-22T21:56:01","date_gmt":"2023-04-22T21:56:01","guid":{"rendered":"https:\/\/www.droptheinfo.com\/es\/?p=2130"},"modified":"2023-04-22T21:56:01","modified_gmt":"2023-04-22T21:56:01","slug":"el-vaticano-decidio-empezar-a-formar-a-los-obispos-para-combatir-a-la-pedofilia","status":"publish","type":"post","link":"https:\/\/www.droptheinfo.com\/es\/el-vaticano-decidio-empezar-a-formar-a-los-obispos-para-combatir-a-la-pedofilia\/","title":{"rendered":"El vaticano decidi\u00f3 empezar a formar a los obispos para combatir a la pedofilia"},"content":{"rendered":"<p>El <strong>Vaticano<\/strong> anunci\u00f3 el d\u00eda viernes que trabajara en conjunto con el ministerio para la <strong>Evangelizaci\u00f3n,<\/strong>\u00a0para formar a obispos de todo el mundo en la lucha contra la pedofilia. La iniciativa surge del deseo del <strong>Papa Francisco<\/strong> de acabar con la grave problem\u00e1tica de la pedofilia dentro de la Iglesia y ser\u00e1 llevada a cabo por la <strong>Comisi\u00f3n Pontificia para la Protecci\u00f3n de Menores<\/strong> en colaboraci\u00f3n con el ministerio.<\/p>\n<p>El acuerdo, que tendr\u00e1 una duraci\u00f3n de al menos tres a\u00f1os, buscar\u00e1 capacitar a los obispos reci\u00e9n nombrados a trav\u00e9s de sesiones de formaci\u00f3n y programas dise\u00f1ados para atender a las v\u00edctimas.<\/p>\n<p><img fetchpriority=\"high\" decoding=\"async\" class=\"alignnone size-full wp-image-2133 lazyload\" src=\"data:image\/gif;base64,R0lGODlhAQABAAAAACH5BAEKAAEALAAAAAABAAEAAAICTAEAOw==\" data-src=\"https:\/\/www.droptheinfo.com\/es\/wp-content\/uploads\/2023\/04\/El-vaticano-decidio-empezar-a-formar-a-los-obispos-para-combatir-a-la-pedofilia-1.jpg\" alt=\"\" width=\"1024\" height=\"682\" data-sizes=\"auto\" data-srcset=\"https:\/\/www.droptheinfo.com\/es\/wp-content\/uploads\/2023\/04\/El-vaticano-decidio-empezar-a-formar-a-los-obispos-para-combatir-a-la-pedofilia-1.jpg 1024w, https:\/\/www.droptheinfo.com\/es\/wp-content\/uploads\/2023\/04\/El-vaticano-decidio-empezar-a-formar-a-los-obispos-para-combatir-a-la-pedofilia-1-300x200.jpg 300w, https:\/\/www.droptheinfo.com\/es\/wp-content\/uploads\/2023\/04\/El-vaticano-decidio-empezar-a-formar-a-los-obispos-para-combatir-a-la-pedofilia-1-768x512.jpg 768w, https:\/\/www.droptheinfo.com\/es\/wp-content\/uploads\/2023\/04\/El-vaticano-decidio-empezar-a-formar-a-los-obispos-para-combatir-a-la-pedofilia-1-750x500.jpg 750w\" sizes=\"(max-width: 1024px) 100vw, 1024px\" \/><\/p>\n<p>El cardenal <strong>Se\u00e1n\u00a0Patrick\u00a0O&#8217;Malley<\/strong>, responsable de la comisi\u00f3n, destac\u00f3 la importancia de contar con la experiencia de una v\u00edctima para que los nuevos obispos puedan escuchar de primera mano el testimonio dram\u00e1tico y los efectos que tiene ese terrible crimen sobre sus vidas.<\/p>\n<p>La iniciativa tambi\u00e9n representa un desaf\u00edo para el ministerio, ya que implica conocer tanto las leyes y normas aprobadas por el Vaticano como las de los pa\u00edses involucrados. Sin embargo, el cardenal <strong>Luis Antonio Tagle<\/strong>, responsable del dicasterio, destaco que est\u00e1n comprometidos a trabajar en conjunto para lograr superar este tema.<\/p>\n<p><img decoding=\"async\" class=\"alignnone size-full wp-image-2134 lazyload\" src=\"data:image\/gif;base64,R0lGODlhAQABAAAAACH5BAEKAAEALAAAAAABAAEAAAICTAEAOw==\" data-src=\"https:\/\/www.droptheinfo.com\/es\/wp-content\/uploads\/2023\/04\/El-vaticano-decidio-empezar-a-formar-a-los-obispos-para-combatir-a-la-pedofilia-2.jpg\" alt=\"\" width=\"1000\" height=\"562\" data-sizes=\"auto\" data-srcset=\"https:\/\/www.droptheinfo.com\/es\/wp-content\/uploads\/2023\/04\/El-vaticano-decidio-empezar-a-formar-a-los-obispos-para-combatir-a-la-pedofilia-2.jpg 1000w, https:\/\/www.droptheinfo.com\/es\/wp-content\/uploads\/2023\/04\/El-vaticano-decidio-empezar-a-formar-a-los-obispos-para-combatir-a-la-pedofilia-2-300x169.jpg 300w, https:\/\/www.droptheinfo.com\/es\/wp-content\/uploads\/2023\/04\/El-vaticano-decidio-empezar-a-formar-a-los-obispos-para-combatir-a-la-pedofilia-2-768x432.jpg 768w, https:\/\/www.droptheinfo.com\/es\/wp-content\/uploads\/2023\/04\/El-vaticano-decidio-empezar-a-formar-a-los-obispos-para-combatir-a-la-pedofilia-2-750x422.jpg 750w\" sizes=\"(max-width: 1000px) 100vw, 1000px\" \/><\/p>\n<p>Cabe mencionar que la<strong> Comisi\u00f3n Pontificia<\/strong> para la Protecci\u00f3n de menores fue criticada duramente por uno de sus miembros m\u00e1s influyentes, el <strong>Jesuita Hans Zollner<\/strong>, quien renuncio recientemente al cargo que ocupaba en ese organismo, generando problemas estructurales relacionados con el cumplimiento, la rendici\u00f3n de cuentas y la transparencia.<\/p>\n<p>Sin embargo, el cardenal <strong>Se\u00e1n\u00a0Patrick\u00a0O&#8217;Malley<\/strong> reconoci\u00f3 que la creaci\u00f3n de la comisi\u00f3n gener\u00f3 \u00ab<strong>expectativas poco realistas<\/strong>\u00bb sobre como acabar con el problema del abuso sexual de menores en la Iglesia y en el mundo.<\/p>\n","protected":false},"excerpt":{"rendered":"<p>El Vaticano anunci\u00f3 el d\u00eda viernes que trabajara en conjunto con el ministerio para la Evangelizaci\u00f3n,\u00a0para formar a obispos de todo el mundo en la lucha contra la pedofilia. La iniciativa surge del deseo del Papa Francisco de acabar con la grave problem\u00e1tica de la pedofilia dentro de la Iglesia y ser\u00e1 llevada a cabo [&hellip;]<\/p>\n","protected":false},"author":4,"featured_media":2132,"comment_status":"open","ping_status":"open","sticky":false,"template":"","format":"standard","meta":{"footnotes":""},"categories":[39,45,43],"tags":[166],"class_list":["post-2130","post","type-post","status-publish","format-standard","has-post-thumbnail","hentry","category-entretenimiento","category-mundo","category-viral","tag-papa-francisco"],"_links":{"self":[{"href":"https:\/\/www.droptheinfo.com\/es\/wp-json\/wp\/v2\/posts\/2130","targetHints":{"allow":["GET"]}}],"collection":[{"href":"https:\/\/www.droptheinfo.com\/es\/wp-json\/wp\/v2\/posts"}],"about":[{"href":"https:\/\/www.droptheinfo.com\/es\/wp-json\/wp\/v2\/types\/post"}],"author":[{"embeddable":true,"href":"https:\/\/www.droptheinfo.com\/es\/wp-json\/wp\/v2\/users\/4"}],"replies":[{"embeddable":true,"href":"https:\/\/www.droptheinfo.com\/es\/wp-json\/wp\/v2\/comments?post=2130"}],"version-history":[{"count":2,"href":"https:\/\/www.droptheinfo.com\/es\/wp-json\/wp\/v2\/posts\/2130\/revisions"}],"predecessor-version":[{"id":2135,"href":"https:\/\/www.droptheinfo.com\/es\/wp-json\/wp\/v2\/posts\/2130\/revisions\/2135"}],"wp:featuredmedia":[{"embeddable":true,"href":"https:\/\/www.droptheinfo.com\/es\/wp-json\/wp\/v2\/media\/2132"}],"wp:attachment":[{"href":"https:\/\/www.droptheinfo.com\/es\/wp-json\/wp\/v2\/media?parent=2130"}],"wp:term":[{"taxonomy":"category","embeddable":true,"href":"https:\/\/www.droptheinfo.com\/es\/wp-json\/wp\/v2\/categories?post=2130"},{"taxonomy":"post_tag","embeddable":true,"href":"https:\/\/www.droptheinfo.com\/es\/wp-json\/wp\/v2\/tags?post=2130"}],"curies":[{"name":"wp","href":"https:\/\/api.w.org\/{rel}","templated":true}]}}