{"id":19455,"date":"2025-04-30T10:11:18","date_gmt":"2025-04-30T17:11:18","guid":{"rendered":"https:\/\/www.droptheinfo.com\/es\/?p=19455"},"modified":"2025-04-30T10:11:18","modified_gmt":"2025-04-30T17:11:18","slug":"parolin-y-tagle-en-la-mira-los-favoritos-al-papado-bajo-presion-en-la-antesala-del-conclave","status":"publish","type":"post","link":"https:\/\/www.droptheinfo.com\/es\/parolin-y-tagle-en-la-mira-los-favoritos-al-papado-bajo-presion-en-la-antesala-del-conclave\/","title":{"rendered":"Parolin y Tagle, en la mira: los favoritos al papado bajo presi\u00f3n en la antesala del c\u00f3nclave"},"content":{"rendered":"<p>Quien aspire a ocupar el<strong> trono de Pedro<\/strong> har\u00eda bien en mantenerse en las sombras. En tiempos de c\u00f3nclave, la exposici\u00f3n p\u00fablica suele ser un error. As\u00ed lo demuestra la historia, pero tambi\u00e9n la actualidad m\u00e1s reciente. No es casualidad que los dos grandes favoritos para suceder al Papa Francisco \u2014<strong>los cardenales Pietro Parolin y Luis Antonio Tagle<\/strong>\u2014 se hayan convertido en blanco de ataques, rumores y maniobras de descr\u00e9dito a menos de una semana de que comience la elecci\u00f3n del nuevo pont\u00edfice.<\/p>\n<p>El caso m\u00e1s visible es el de Parolin,<strong> secretario de Estado<\/strong> saliente y uno de los pocos que ha acompa\u00f1ado a Francisco durante todo su pontificado. Considerado un candidato natural \u2014algunos incluso han empezado a llamarlo \u201cPapol\u00edn\u201d, en una mezcla de su apellido con el t\u00edtulo papal\u2014, ha sido objeto de cr\u00edticas desde ambos extremos del espectro ideol\u00f3gico de la <strong>Iglesia<\/strong>. A eso se suman los habituales rumores sobre su salud. En los \u00faltimos d\u00edas, Parolin habr\u00eda empezado a reaccionar, activando su red diplom\u00e1tica con los nuncios apost\u00f3licos al frente.<\/p>\n<p>La renuncia del cardenal Angelo Becciu a participar en el c\u00f3nclave ha sido el m\u00e1s reciente golpe. El purpurado sardo, destituido por Francisco tras una condena en primera instancia por malversaci\u00f3n y abuso de poder, anunci\u00f3 su decisi\u00f3n alegando el bien de la Iglesia y su obediencia al Papa, aunque reiter\u00f3 su inocencia. Seg\u00fan fuentes vaticanas, detr\u00e1s de esa renuncia hay un enfrentamiento directo con Parolin, antiguo rival dentro de la Secretar\u00eda de Estado. El secretario saliente habr\u00eda mostrado a Becciu dos cartas firmadas con una \u00abF\u00bb de Francisco que lo exclu\u00edan del c\u00f3nclave. Su salida, lejos de despejar el camino,<strong> aliment\u00f3 a\u00fan m\u00e1s las sospechas en torno a Parolin.<\/strong><\/p>\n<p>Otro flanco abierto para el cardenal italiano es el pol\u00e9mico acuerdo secreto con <strong>China<\/strong>, firmado por primera vez en 2018 y renovado en tres ocasiones. Aunque su contenido nunca ha sido revelado, se sabe que permite al <strong>r\u00e9gimen de Pek\u00edn<\/strong> intervenir en el nombramiento de obispos, en un intento de superar la hist\u00f3rica divisi\u00f3n entre la <strong>Iglesia oficial y la clandestina<\/strong>. El acuerdo ha sido duramente criticado por sectores conservadores. El cardenal Gerhard M\u00fcller fue tajante en una entrevista con La Repubblica: \u201cNo podemos dejar que los comunistas elijan a nuestros obispos\u201d.<\/p>\n<p>En esa misma l\u00ednea, la plataforma tradicionalista estadounidense Stella Maris Media, cercana al entorno de<strong> Donald Trump<\/strong>, public\u00f3 recientemente una carta firmada por un sacerdote chino an\u00f3nimo que denuncia el pacto como una \u201crendici\u00f3n\u201d ante el Partido Comunista. Seg\u00fan el texto, el acuerdo habr\u00eda intensificado la persecuci\u00f3n contra los cat\u00f3licos fieles a Roma. <strong>\u201cElijan la verdad, no la diplomacia\u201d<\/strong>, exhorta la carta a los cardenales. Un mensaje dirigido directamente contra Parolin.<\/p>\n<p>El tema chino, especialmente sensible en Washington, tambi\u00e9n podr\u00eda tener eco entre algunos sectores del episcopado asi\u00e1tico, tradicionalmente alejados de las maniobras curiales, pero conscientes del peso de China en la regi\u00f3n.<\/p>\n<p>Sin embargo, Parolin no es el \u00fanico bajo la lupa. El cardenal filipino Luis Antonio Tagle, conocido como el <strong>\u201cBergoglio asi\u00e1tico\u201d,<\/strong> tambi\u00e9n ha sido objeto de ataques. Su gesti\u00f3n al frente de <strong>Caritas Internationalis<\/strong> termin\u00f3 en 2022 con una intervenci\u00f3n directa del Papa, tras revelarse un ambiente laboral t\u00f3xico, con favoritismos y fallos en la gesti\u00f3n de personal. Aunque Tagle no estuvo directamente implicado, su liderazgo fue considerado d\u00e9bil. El esc\u00e1ndalo ha vuelto a salir a la luz justo cuando su nombre gana fuerza en las quinielas.<\/p>\n<p>Desde Canad\u00e1, el portal conservador LifeSite News rescat\u00f3 un antiguo video en el que Tagle canta Imagine, de John Lennon. La interpretaci\u00f3n reaviv\u00f3 la pol\u00e9mica: <strong>\u201c\u00bfIgnorancia o traici\u00f3n?\u201d,<\/strong> se preguntaron. \u201cLa canci\u00f3n promueve un mundo sin religi\u00f3n\u201d, denunciaron.<\/p>\n<p>Ni siquiera los llamados \u00abtapados\u00bb est\u00e1n a salvo. El arzobispo de Marsella, Jean-Marc Aveline, empieza a sonar entre los sectores progresistas por su trabajo con migrantes. Algunos interpretan las recientes cr\u00edticas del cardenal M\u00fcller \u2014<strong>\u201cLa Iglesia no es una ONG\u201d<\/strong>\u2014 como una referencia indirecta a \u00e9l. Matteo Zuppi, presidente de los obispos italianos, tambi\u00e9n ha sido se\u00f1alado por su cercan\u00eda con la Comunidad de San Egidio, acusada de practicar una diplomacia paralela. La reciente cena entre su fundador, Andrea Riccardi, y el presidente Emmanuel Macron tras el <strong>funeral de Francisco<\/strong> no pas\u00f3 desapercibida en los pasillos vaticanos.<\/p>\n<p>Este <strong>clima<\/strong> ha llevado a varios papables a optar por el bajo perfil. Entre ellos destaca Robert Francis Prevost, estadounidense, moderadamente progresista y actual prefecto del Dicasterio para los Obispos. En su entorno temen que pueda lanzarse una campa\u00f1a en su contra desde su propio pa\u00eds, por lo que su nombre circula discretamente.<\/p>\n<p>El camino hacia el <strong>c\u00f3nclave<\/strong> ya est\u00e1 definido. Participar\u00e1n 133 cardenales, y no 135 como se hab\u00eda previsto. A la renuncia del arzobispo em\u00e9rito de Valencia, Antonio Ca\u00f1izares, se sum\u00f3 otra ausencia por motivos de salud, cuyo nombre no ha sido revelado. Ayer, el Vaticano public\u00f3 los avisos para el juramento de los oficiales y asistentes, que tendr\u00e1 lugar el lunes 5 de mayo en la Capilla Paulina. Dos d\u00edas despu\u00e9s, el mi\u00e9rcoles 7 a las 10 de la ma\u00f1ana, se celebrar\u00e1 la misa Pro eligendo Pontifice, presidida por el cardenal decano Giovanni Battista Re. Ese mismo d\u00eda, a las 16:30, comenzar\u00e1 oficialmente el c\u00f3nclave con el ingreso de los cardenales a la Capilla Sixtina, el juramento solemne y el tradicional extra omnes, antes de la <strong>primera votaci\u00f3n.<\/strong><\/p>\n","protected":false},"excerpt":{"rendered":"<p>Quien aspire a ocupar el trono de Pedro har\u00eda bien en mantenerse en las sombras. En tiempos de c\u00f3nclave, la exposici\u00f3n p\u00fablica suele ser un error. As\u00ed lo demuestra la historia, pero tambi\u00e9n la actualidad m\u00e1s reciente. No es casualidad que los dos grandes favoritos para suceder al Papa Francisco \u2014los cardenales Pietro Parolin y [&hellip;]<\/p>\n","protected":false},"author":6,"featured_media":19456,"comment_status":"open","ping_status":"open","sticky":false,"template":"","format":"standard","meta":{"footnotes":""},"categories":[43],"tags":[1547],"class_list":["post-19455","post","type-post","status-publish","format-standard","has-post-thumbnail","hentry","category-viral","tag-el-vaticano"],"_links":{"self":[{"href":"https:\/\/www.droptheinfo.com\/es\/wp-json\/wp\/v2\/posts\/19455","targetHints":{"allow":["GET"]}}],"collection":[{"href":"https:\/\/www.droptheinfo.com\/es\/wp-json\/wp\/v2\/posts"}],"about":[{"href":"https:\/\/www.droptheinfo.com\/es\/wp-json\/wp\/v2\/types\/post"}],"author":[{"embeddable":true,"href":"https:\/\/www.droptheinfo.com\/es\/wp-json\/wp\/v2\/users\/6"}],"replies":[{"embeddable":true,"href":"https:\/\/www.droptheinfo.com\/es\/wp-json\/wp\/v2\/comments?post=19455"}],"version-history":[{"count":1,"href":"https:\/\/www.droptheinfo.com\/es\/wp-json\/wp\/v2\/posts\/19455\/revisions"}],"predecessor-version":[{"id":19457,"href":"https:\/\/www.droptheinfo.com\/es\/wp-json\/wp\/v2\/posts\/19455\/revisions\/19457"}],"wp:featuredmedia":[{"embeddable":true,"href":"https:\/\/www.droptheinfo.com\/es\/wp-json\/wp\/v2\/media\/19456"}],"wp:attachment":[{"href":"https:\/\/www.droptheinfo.com\/es\/wp-json\/wp\/v2\/media?parent=19455"}],"wp:term":[{"taxonomy":"category","embeddable":true,"href":"https:\/\/www.droptheinfo.com\/es\/wp-json\/wp\/v2\/categories?post=19455"},{"taxonomy":"post_tag","embeddable":true,"href":"https:\/\/www.droptheinfo.com\/es\/wp-json\/wp\/v2\/tags?post=19455"}],"curies":[{"name":"wp","href":"https:\/\/api.w.org\/{rel}","templated":true}]}}