{"id":19373,"date":"2025-04-24T06:41:22","date_gmt":"2025-04-24T13:41:22","guid":{"rendered":"https:\/\/www.droptheinfo.com\/es\/?p=19373"},"modified":"2025-04-24T06:41:22","modified_gmt":"2025-04-24T13:41:22","slug":"miles-de-fieles-se-despiden-del-papa-francisco-en-la-basilica-de-san-pedro","status":"publish","type":"post","link":"https:\/\/www.droptheinfo.com\/es\/miles-de-fieles-se-despiden-del-papa-francisco-en-la-basilica-de-san-pedro\/","title":{"rendered":"Miles de fieles se despiden del papa Francisco en la Bas\u00edlica de San Pedro"},"content":{"rendered":"<p>Por segundo d\u00eda consecutivo, <strong>la Bas\u00edlica de San Pedro<\/strong> sigue recibiendo a miles de fieles que se acercan a dar el \u00faltimo adi\u00f3s al papa Francisco. La afluencia de personas supera ya la registrada el mi\u00e9rcoles, cuando m\u00e1s de 45.000 personas desfilaron frente al f\u00e9retro del pont\u00edfice.<\/p>\n<p>Ante la masiva concurrencia y la llegada de l\u00edderes internacionales, el <strong>gobierno italiano<\/strong> ha desplegado un amplio operativo de seguridad en Roma, con especial atenci\u00f3n a los d\u00edas previos al funeral. Se espera que la presencia de figuras de alto perfil incremente la asistencia, que ya se perfila como hist\u00f3rica.<\/p>\n<p>Entre los asistentes confirmados al funeral figuran el presidente de Estados Unidos, <strong>Donald Trump<\/strong>; el mandatario ucraniano, <strong>Volod\u00edmir Zelenski<\/strong>; el presidente argentino, <strong>Javier Milei<\/strong>; y el <strong>pr\u00edncipe William del Reino Unido<\/strong>.<\/p>\n<p><strong>Protecci\u00f3n Civil<\/strong> estima que varias centenas de miles de personas podr\u00edan llegar a Roma durante el fin de semana largo por un feriado nacional, lo que plantea un nuevo desaf\u00edo log\u00edstico y de seguridad para las autoridades.<\/p>\n<p>Tras la ceremonia f\u00fanebre, el cuerpo del papa Francisco ser\u00e1 trasladado a la <strong>Bas\u00edlica de Santa Mar\u00eda la Mayor<\/strong>, uno de los lugares que m\u00e1s frecuentaba en vida. All\u00ed se cumplir\u00e1 su \u00faltima voluntad: ser sepultado en una tumba sencilla.<\/p>\n<p><strong>El Vaticano<\/strong> inform\u00f3 este jueves que, desde que se abrieron las puertas al p\u00fablico el mi\u00e9rcoles a las 11:00 (09:00 GMT), unas 61.000 personas han pasado ante los restos del pont\u00edfice. El acceso a la Bas\u00edlica permanecer\u00e1 abierto hasta el viernes a las 20:00 horas.<\/p>\n<p>Mientras tanto, en la Plaza de San Pedro, una fila de m\u00e1s de dos kil\u00f3metros se extiende alrededor del templo, donde miles de personas esperan pacientemente para ingresar y rendir homenaje al <strong>papa fallecido.<\/strong><\/p>\n<p>El Vaticano tambi\u00e9n anunci\u00f3 que la<strong> Capilla Sixtina<\/strong> cerrar\u00e1 al p\u00fablico a partir del lunes 28 de abril, con el fin de preparar el C\u00f3nclave que elegir\u00e1 al sucesor de Francisco. A\u00fan no se ha confirmado la fecha de inicio del proceso.<\/p>\n<p>Seg\u00fan un comunicado de los <strong>Museos Vaticanos<\/strong>, el cierre responde a las <strong>\u00abnecesidades del C\u00f3nclave\u00bb.<\/strong> La Capilla Sixtina, una de las joyas del Renacimiento, recibe anualmente a m\u00e1s de cinco millones de visitantes.<\/p>\n<p>Durante el C\u00f3nclave, los cardenales se reunir\u00e1n bajo estrictas medidas de confidencialidad. Como dicta la tradici\u00f3n, se instalar\u00e1 una chimenea en el techo de la capilla desde donde se observar\u00e1 el humo blanco que anunciar\u00e1 la elecci\u00f3n del <strong>nuevo papa.<\/strong><\/p>\n","protected":false},"excerpt":{"rendered":"<p>Por segundo d\u00eda consecutivo, la Bas\u00edlica de San Pedro sigue recibiendo a miles de fieles que se acercan a dar el \u00faltimo adi\u00f3s al papa Francisco. La afluencia de personas supera ya la registrada el mi\u00e9rcoles, cuando m\u00e1s de 45.000 personas desfilaron frente al f\u00e9retro del pont\u00edfice. Ante la masiva concurrencia y la llegada de [&hellip;]<\/p>\n","protected":false},"author":6,"featured_media":19374,"comment_status":"open","ping_status":"open","sticky":false,"template":"","format":"standard","meta":{"footnotes":""},"categories":[45],"tags":[1547],"class_list":["post-19373","post","type-post","status-publish","format-standard","has-post-thumbnail","hentry","category-mundo","tag-el-vaticano"],"_links":{"self":[{"href":"https:\/\/www.droptheinfo.com\/es\/wp-json\/wp\/v2\/posts\/19373","targetHints":{"allow":["GET"]}}],"collection":[{"href":"https:\/\/www.droptheinfo.com\/es\/wp-json\/wp\/v2\/posts"}],"about":[{"href":"https:\/\/www.droptheinfo.com\/es\/wp-json\/wp\/v2\/types\/post"}],"author":[{"embeddable":true,"href":"https:\/\/www.droptheinfo.com\/es\/wp-json\/wp\/v2\/users\/6"}],"replies":[{"embeddable":true,"href":"https:\/\/www.droptheinfo.com\/es\/wp-json\/wp\/v2\/comments?post=19373"}],"version-history":[{"count":1,"href":"https:\/\/www.droptheinfo.com\/es\/wp-json\/wp\/v2\/posts\/19373\/revisions"}],"predecessor-version":[{"id":19375,"href":"https:\/\/www.droptheinfo.com\/es\/wp-json\/wp\/v2\/posts\/19373\/revisions\/19375"}],"wp:featuredmedia":[{"embeddable":true,"href":"https:\/\/www.droptheinfo.com\/es\/wp-json\/wp\/v2\/media\/19374"}],"wp:attachment":[{"href":"https:\/\/www.droptheinfo.com\/es\/wp-json\/wp\/v2\/media?parent=19373"}],"wp:term":[{"taxonomy":"category","embeddable":true,"href":"https:\/\/www.droptheinfo.com\/es\/wp-json\/wp\/v2\/categories?post=19373"},{"taxonomy":"post_tag","embeddable":true,"href":"https:\/\/www.droptheinfo.com\/es\/wp-json\/wp\/v2\/tags?post=19373"}],"curies":[{"name":"wp","href":"https:\/\/api.w.org\/{rel}","templated":true}]}}