{"id":19367,"date":"2025-04-23T11:40:30","date_gmt":"2025-04-23T18:40:30","guid":{"rendered":"https:\/\/www.droptheinfo.com\/es\/?p=19367"},"modified":"2025-04-23T11:40:30","modified_gmt":"2025-04-23T18:40:30","slug":"el-mundo-despide-al-papa-francisco-en-una-ceremonia-solemne-en-el-vaticano","status":"publish","type":"post","link":"https:\/\/www.droptheinfo.com\/es\/el-mundo-despide-al-papa-francisco-en-una-ceremonia-solemne-en-el-vaticano\/","title":{"rendered":"El mundo despide al papa Francisco en una ceremonia solemne en el Vaticano"},"content":{"rendered":"<p>Las <strong>exequias p\u00fablicas del papa Francisco<\/strong> comenzaron este mi\u00e9rcoles con una emotiva ceremonia en la Bas\u00edlica de San Pedro, marcando el inicio de tres d\u00edas de luto y oraci\u00f3n por el pont\u00edfice fallecido el lunes a los 88 a\u00f1os, a causa de un ictus.<\/p>\n<p>El f\u00e9retro fue trasladado desde la residencia de la Casa Santa Marta hasta el Vaticano en una solemne procesi\u00f3n encabezada por el cardenal Kevin Joseph Farrell, camarlengo de la <strong>Iglesia Cat\u00f3lica<\/strong>, quien presidi\u00f3 la oraci\u00f3n inicial. El cortejo f\u00fanebre recorri\u00f3 la Plaza de Santa Marta y la Plaza de los Protom\u00e1rtires Romanos, hasta llegar a la Plaza de San Pedro.<\/p>\n<blockquote><p>La entrada se realiz\u00f3 por la puerta central de la Bas\u00edlica, donde Patriarcas, Cardenales, Arzobispos, Obispos y miembros de la Capilla Pontificia, vestidos con h\u00e1bito coral, acompa\u00f1aron el f\u00e9retro en un acto cargado de simbolismo y reverencia.<\/p><\/blockquote>\n<p>Ya en el interior del templo, el cuerpo del papa Francisco fue colocado ante el Altar de la Confesi\u00f3n, bajo el <strong>majestuoso baldaquino de<\/strong> <strong>Bernini<\/strong>, uno de los lugares m\u00e1s significativos de la cristiandad.<\/p>\n<p>Con la <strong>Liturgia<\/strong> de la Palabra se dio inicio oficial a los homenajes p\u00fablicos, que se extender\u00e1n hasta el viernes. Durante este tiempo, la Bas\u00edlica permanecer\u00e1 abierta hasta la medianoche el mi\u00e9rcoles y jueves, para permitir que miles de fieles puedan despedirse personalmente del pont\u00edfice, cuya labor pastoral dej\u00f3 una marca profunda en la <strong>Iglesia contempor\u00e1nea<\/strong>.<\/p>\n<p>El<strong> viernes concluir\u00e1n los actos f\u00fanebres<\/strong> con una ceremonia a la que se espera la asistencia de una multitud de peregrinos, l\u00edderes religiosos, dignatarios y jefes de Estado, en lo que se anticipa como un homenaje multitudinario a uno de los papas m\u00e1s influyentes de las \u00faltimas d\u00e9cadas.<\/p>\n<p>Ante la gran afluencia de fieles, el <strong>Vaticano<\/strong> inform\u00f3 este mi\u00e9rcoles que eval\u00faa extender los horarios de apertura de la <strong>Bas\u00edlica<\/strong> m\u00e1s all\u00e1 de la medianoche, probablemente hasta pasadas las 22:00 GMT, superando los l\u00edmites originalmente establecidos: medianoche para mi\u00e9rcoles y jueves, y las 19:00 hora local (17:00 GMT) para el viernes.<\/p>\n<p>Entre los primeros en <strong>rendir tributo<\/strong> al papa Francisco estuvo la primera ministra italiana, Giorgia Meloni, quien acudi\u00f3 a la Bas\u00edlica este mi\u00e9rcoles para despedirlo. M\u00e1s tarde, intervino ante la C\u00e1mara de Diputados durante la Conmemoraci\u00f3n de Su Santidad, recordando sus \u00faltimas palabras y destacando su legado, que \u2014dijo\u2014 se mantuvo firme hasta su \u00faltimo aliento.<\/p>\n","protected":false},"excerpt":{"rendered":"<p>Las exequias p\u00fablicas del papa Francisco comenzaron este mi\u00e9rcoles con una emotiva ceremonia en la Bas\u00edlica de San Pedro, marcando el inicio de tres d\u00edas de luto y oraci\u00f3n por el pont\u00edfice fallecido el lunes a los 88 a\u00f1os, a causa de un ictus. El f\u00e9retro fue trasladado desde la residencia de la Casa Santa [&hellip;]<\/p>\n","protected":false},"author":6,"featured_media":19368,"comment_status":"open","ping_status":"open","sticky":false,"template":"","format":"standard","meta":{"footnotes":""},"categories":[45],"tags":[1547],"class_list":["post-19367","post","type-post","status-publish","format-standard","has-post-thumbnail","hentry","category-mundo","tag-el-vaticano"],"_links":{"self":[{"href":"https:\/\/www.droptheinfo.com\/es\/wp-json\/wp\/v2\/posts\/19367","targetHints":{"allow":["GET"]}}],"collection":[{"href":"https:\/\/www.droptheinfo.com\/es\/wp-json\/wp\/v2\/posts"}],"about":[{"href":"https:\/\/www.droptheinfo.com\/es\/wp-json\/wp\/v2\/types\/post"}],"author":[{"embeddable":true,"href":"https:\/\/www.droptheinfo.com\/es\/wp-json\/wp\/v2\/users\/6"}],"replies":[{"embeddable":true,"href":"https:\/\/www.droptheinfo.com\/es\/wp-json\/wp\/v2\/comments?post=19367"}],"version-history":[{"count":1,"href":"https:\/\/www.droptheinfo.com\/es\/wp-json\/wp\/v2\/posts\/19367\/revisions"}],"predecessor-version":[{"id":19369,"href":"https:\/\/www.droptheinfo.com\/es\/wp-json\/wp\/v2\/posts\/19367\/revisions\/19369"}],"wp:featuredmedia":[{"embeddable":true,"href":"https:\/\/www.droptheinfo.com\/es\/wp-json\/wp\/v2\/media\/19368"}],"wp:attachment":[{"href":"https:\/\/www.droptheinfo.com\/es\/wp-json\/wp\/v2\/media?parent=19367"}],"wp:term":[{"taxonomy":"category","embeddable":true,"href":"https:\/\/www.droptheinfo.com\/es\/wp-json\/wp\/v2\/categories?post=19367"},{"taxonomy":"post_tag","embeddable":true,"href":"https:\/\/www.droptheinfo.com\/es\/wp-json\/wp\/v2\/tags?post=19367"}],"curies":[{"name":"wp","href":"https:\/\/api.w.org\/{rel}","templated":true}]}}