{"id":15439,"date":"2024-02-25T13:01:58","date_gmt":"2024-02-25T21:01:58","guid":{"rendered":"https:\/\/www.droptheinfo.com\/es\/?p=15439"},"modified":"2024-02-25T13:01:58","modified_gmt":"2024-02-25T21:01:58","slug":"el-hombre-de-raices-latinas-que-podria-ser-ejecutado-en-ee-uu","status":"publish","type":"post","link":"https:\/\/www.droptheinfo.com\/es\/el-hombre-de-raices-latinas-que-podria-ser-ejecutado-en-ee-uu\/","title":{"rendered":"El hombre de ra\u00edces latinas que podr\u00eda ser ejecutado en EE.UU"},"content":{"rendered":"<p>El ciudadano <strong>Cant\u00fa<\/strong> tiene una ejecuci\u00f3n prevista para este 28 de febrero, sin embargo, \u00e9l sigue insistiendo en su inocencia y reclama nuevamente la revisi\u00f3n de su caso, Cant\u00fa es un hombre de ra\u00edces latinas que fue declarado culpable y sentenciado a pena de muerte en el a\u00f1o 2021.<\/p>\n<p>Seg\u00fan el dep\u00e1rtemelo de Justicia Criminal coment\u00f3 que Cant\u00fa nacio en Dallas, Texas en el a\u00f1o 1973, este hombre fue acusado de homicidio de su primo, <strong>James Mosqueda y su prometida de Mosqueda Amy Kitchen<\/strong> cuando ten\u00eda apenas 27 a\u00f1os de edad.<\/p>\n<p><img fetchpriority=\"high\" decoding=\"async\" class=\"alignnone size-full wp-image-15465 lazyload\" src=\"data:image\/gif;base64,R0lGODlhAQABAAAAACH5BAEKAAEALAAAAAABAAEAAAICTAEAOw==\" data-src=\"https:\/\/www.droptheinfo.com\/es\/wp-content\/uploads\/2024\/02\/El-hombre-de-raices-latinas-que-podria-ser-ejecutado-en-EE.UU_.jpg\" alt=\"\" width=\"1200\" height=\"800\" data-sizes=\"auto\" data-srcset=\"https:\/\/www.droptheinfo.com\/es\/wp-content\/uploads\/2024\/02\/El-hombre-de-raices-latinas-que-podria-ser-ejecutado-en-EE.UU_.jpg 1200w, https:\/\/www.droptheinfo.com\/es\/wp-content\/uploads\/2024\/02\/El-hombre-de-raices-latinas-que-podria-ser-ejecutado-en-EE.UU_-300x200.jpg 300w, https:\/\/www.droptheinfo.com\/es\/wp-content\/uploads\/2024\/02\/El-hombre-de-raices-latinas-que-podria-ser-ejecutado-en-EE.UU_-768x512.jpg 768w, https:\/\/www.droptheinfo.com\/es\/wp-content\/uploads\/2024\/02\/El-hombre-de-raices-latinas-que-podria-ser-ejecutado-en-EE.UU_-750x500.jpg 750w, https:\/\/www.droptheinfo.com\/es\/wp-content\/uploads\/2024\/02\/El-hombre-de-raices-latinas-que-podria-ser-ejecutado-en-EE.UU_-1140x760.jpg 1140w\" sizes=\"(max-width: 1200px) 100vw, 1200px\" \/><\/p>\n<p>Cant\u00fa tiene actualmente <strong>50 a\u00f1os de edad,<\/strong> luego de haber pasado los \u00faltimos 22 en prisi\u00f3n, su destino podr\u00eda definirse en los pr\u00f3ximos d\u00edas, ya que se aproxima su ejecuci\u00f3n, varias organizaciones han pedido una revisi\u00f3n del caso nuevamente.<\/p>\n<p>La <strong>Amnist\u00eda Internacional<\/strong> se\u00f1ala lo siguiente en un comunicado:<\/p>\n<blockquote><p>Una reciente investigaci\u00f3n independiente realizada a agravado las dudas sobre la idoneidad de su representaci\u00f3n legal en el juicio y plante\u00f3 dudas sobre el testimonio de la testigo clave del estado y las pruebas fisicas que parecian coroborar su testimonio.<\/p><\/blockquote>\n","protected":false},"excerpt":{"rendered":"<p>El ciudadano Cant\u00fa tiene una ejecuci\u00f3n prevista para este 28 de febrero, sin embargo, \u00e9l sigue insistiendo en su inocencia y reclama nuevamente la revisi\u00f3n de su caso, Cant\u00fa es un hombre de ra\u00edces latinas que fue declarado culpable y sentenciado a pena de muerte en el a\u00f1o 2021. Seg\u00fan el dep\u00e1rtemelo de Justicia Criminal [&hellip;]<\/p>\n","protected":false},"author":10,"featured_media":15464,"comment_status":"open","ping_status":"open","sticky":false,"template":"","format":"standard","meta":{"footnotes":""},"categories":[500,45,43],"tags":[1170,1168],"class_list":["post-15439","post","type-post","status-publish","format-standard","has-post-thumbnail","hentry","category-investigacion","category-mundo","category-viral","tag-ejecucion","tag-ivan-cantu"],"_links":{"self":[{"href":"https:\/\/www.droptheinfo.com\/es\/wp-json\/wp\/v2\/posts\/15439","targetHints":{"allow":["GET"]}}],"collection":[{"href":"https:\/\/www.droptheinfo.com\/es\/wp-json\/wp\/v2\/posts"}],"about":[{"href":"https:\/\/www.droptheinfo.com\/es\/wp-json\/wp\/v2\/types\/post"}],"author":[{"embeddable":true,"href":"https:\/\/www.droptheinfo.com\/es\/wp-json\/wp\/v2\/users\/10"}],"replies":[{"embeddable":true,"href":"https:\/\/www.droptheinfo.com\/es\/wp-json\/wp\/v2\/comments?post=15439"}],"version-history":[{"count":3,"href":"https:\/\/www.droptheinfo.com\/es\/wp-json\/wp\/v2\/posts\/15439\/revisions"}],"predecessor-version":[{"id":15477,"href":"https:\/\/www.droptheinfo.com\/es\/wp-json\/wp\/v2\/posts\/15439\/revisions\/15477"}],"wp:featuredmedia":[{"embeddable":true,"href":"https:\/\/www.droptheinfo.com\/es\/wp-json\/wp\/v2\/media\/15464"}],"wp:attachment":[{"href":"https:\/\/www.droptheinfo.com\/es\/wp-json\/wp\/v2\/media?parent=15439"}],"wp:term":[{"taxonomy":"category","embeddable":true,"href":"https:\/\/www.droptheinfo.com\/es\/wp-json\/wp\/v2\/categories?post=15439"},{"taxonomy":"post_tag","embeddable":true,"href":"https:\/\/www.droptheinfo.com\/es\/wp-json\/wp\/v2\/tags?post=15439"}],"curies":[{"name":"wp","href":"https:\/\/api.w.org\/{rel}","templated":true}]}}