{"id":15435,"date":"2024-02-25T12:10:23","date_gmt":"2024-02-25T20:10:23","guid":{"rendered":"https:\/\/www.droptheinfo.com\/es\/?p=15435"},"modified":"2024-02-25T12:10:23","modified_gmt":"2024-02-25T20:10:23","slug":"milei-y-trump-coinciden-en-conferencia-de-accion-politica-conservadora","status":"publish","type":"post","link":"https:\/\/www.droptheinfo.com\/es\/milei-y-trump-coinciden-en-conferencia-de-accion-politica-conservadora\/","title":{"rendered":"Milei y Trump coinciden en Conferencia de Acci\u00f3n Pol\u00edtica Conservadora"},"content":{"rendered":"<p>El presidente de argentina, <strong>Javier Milei<\/strong>, ha viajado a los Estados Unidos para participar en una conferencia de acci\u00f3n pol\u00edtica conservadora, la cual se desarrolla en National Harbor, Maryland, en donde comparti\u00f3 con el expresidente de Estados Unidos, Donald Trump.<\/p>\n<p><strong>Donald Trump<\/strong> dijo lo siguiente mientras ambos se realizaban fotograf\u00edas, entre apretones de mano y abrazos:<\/p>\n<p>Haz argentina grande de nuevo.<\/p>\n<p><img fetchpriority=\"high\" decoding=\"async\" class=\"alignnone size-full wp-image-15455 lazyload\" src=\"data:image\/gif;base64,R0lGODlhAQABAAAAACH5BAEKAAEALAAAAAABAAEAAAICTAEAOw==\" data-src=\"https:\/\/www.droptheinfo.com\/es\/wp-content\/uploads\/2024\/02\/Milei-y-Trump-coinciden-en-Conferencia-de-Accion-Politica-Conservadora-2-1.jpg\" alt=\"\" width=\"1200\" height=\"800\" data-sizes=\"auto\" data-srcset=\"https:\/\/www.droptheinfo.com\/es\/wp-content\/uploads\/2024\/02\/Milei-y-Trump-coinciden-en-Conferencia-de-Accion-Politica-Conservadora-2-1.jpg 1200w, https:\/\/www.droptheinfo.com\/es\/wp-content\/uploads\/2024\/02\/Milei-y-Trump-coinciden-en-Conferencia-de-Accion-Politica-Conservadora-2-1-300x200.jpg 300w, https:\/\/www.droptheinfo.com\/es\/wp-content\/uploads\/2024\/02\/Milei-y-Trump-coinciden-en-Conferencia-de-Accion-Politica-Conservadora-2-1-768x512.jpg 768w, https:\/\/www.droptheinfo.com\/es\/wp-content\/uploads\/2024\/02\/Milei-y-Trump-coinciden-en-Conferencia-de-Accion-Politica-Conservadora-2-1-750x500.jpg 750w, https:\/\/www.droptheinfo.com\/es\/wp-content\/uploads\/2024\/02\/Milei-y-Trump-coinciden-en-Conferencia-de-Accion-Politica-Conservadora-2-1-1140x760.jpg 1140w\" sizes=\"(max-width: 1200px) 100vw, 1200px\" \/><\/p>\n<p>Este encuentro, que se llev\u00f3 a cabo al tercer d\u00eda de la<strong> Conferencia de Acci\u00f3n Pol\u00edtica Conservadora,<\/strong> es un evento que inici\u00f3 en el a\u00f1o 1974 y que se convirti\u00f3 en un espacio de los conservadores dentro y fuera de los Estados Unidos.<\/p>\n<p>Trump ha elogiado al presidente Milei, puesto que para \u00e9l est\u00e1 haciendo a la <strong>Argentina<\/strong> grande otra vez, Milei antes del encuentro con Donald Trump tambien dijo que no se va a rendir en ning\u00fan momento para hacer Argentina grande nuevamente.<\/p>\n<p><img decoding=\"async\" class=\"alignnone size-full wp-image-15456 lazyload\" src=\"data:image\/gif;base64,R0lGODlhAQABAAAAACH5BAEKAAEALAAAAAABAAEAAAICTAEAOw==\" data-src=\"https:\/\/www.droptheinfo.com\/es\/wp-content\/uploads\/2024\/02\/Milei-y-Trump-coinciden-en-Conferencia-de-Accion-Politica-Conservadora.jpg\" alt=\"\" width=\"1200\" height=\"800\" data-sizes=\"auto\" data-srcset=\"https:\/\/www.droptheinfo.com\/es\/wp-content\/uploads\/2024\/02\/Milei-y-Trump-coinciden-en-Conferencia-de-Accion-Politica-Conservadora.jpg 1200w, https:\/\/www.droptheinfo.com\/es\/wp-content\/uploads\/2024\/02\/Milei-y-Trump-coinciden-en-Conferencia-de-Accion-Politica-Conservadora-300x200.jpg 300w, https:\/\/www.droptheinfo.com\/es\/wp-content\/uploads\/2024\/02\/Milei-y-Trump-coinciden-en-Conferencia-de-Accion-Politica-Conservadora-768x512.jpg 768w, https:\/\/www.droptheinfo.com\/es\/wp-content\/uploads\/2024\/02\/Milei-y-Trump-coinciden-en-Conferencia-de-Accion-Politica-Conservadora-750x500.jpg 750w, https:\/\/www.droptheinfo.com\/es\/wp-content\/uploads\/2024\/02\/Milei-y-Trump-coinciden-en-Conferencia-de-Accion-Politica-Conservadora-1140x760.jpg 1140w\" sizes=\"(max-width: 1200px) 100vw, 1200px\" \/><\/p>\n<p>Aunque este encuentro es conocido como el<strong> primer encuentro p\u00fablico<\/strong>, ya Donald Trump y Javier Milei hab\u00edan intercambiado elogios.<\/p>\n","protected":false},"excerpt":{"rendered":"<p>El presidente de argentina, Javier Milei, ha viajado a los Estados Unidos para participar en una conferencia de acci\u00f3n pol\u00edtica conservadora, la cual se desarrolla en National Harbor, Maryland, en donde comparti\u00f3 con el expresidente de Estados Unidos, Donald Trump. Donald Trump dijo lo siguiente mientras ambos se realizaban fotograf\u00edas, entre apretones de mano y [&hellip;]<\/p>\n","protected":false},"author":10,"featured_media":15454,"comment_status":"open","ping_status":"open","sticky":false,"template":"","format":"standard","meta":{"footnotes":""},"categories":[45,64,43],"tags":[31,1169],"class_list":["post-15435","post","type-post","status-publish","format-standard","has-post-thumbnail","hentry","category-mundo","category-politica","category-viral","tag-donald-trump","tag-javier-milei"],"_links":{"self":[{"href":"https:\/\/www.droptheinfo.com\/es\/wp-json\/wp\/v2\/posts\/15435","targetHints":{"allow":["GET"]}}],"collection":[{"href":"https:\/\/www.droptheinfo.com\/es\/wp-json\/wp\/v2\/posts"}],"about":[{"href":"https:\/\/www.droptheinfo.com\/es\/wp-json\/wp\/v2\/types\/post"}],"author":[{"embeddable":true,"href":"https:\/\/www.droptheinfo.com\/es\/wp-json\/wp\/v2\/users\/10"}],"replies":[{"embeddable":true,"href":"https:\/\/www.droptheinfo.com\/es\/wp-json\/wp\/v2\/comments?post=15435"}],"version-history":[{"count":3,"href":"https:\/\/www.droptheinfo.com\/es\/wp-json\/wp\/v2\/posts\/15435\/revisions"}],"predecessor-version":[{"id":15476,"href":"https:\/\/www.droptheinfo.com\/es\/wp-json\/wp\/v2\/posts\/15435\/revisions\/15476"}],"wp:featuredmedia":[{"embeddable":true,"href":"https:\/\/www.droptheinfo.com\/es\/wp-json\/wp\/v2\/media\/15454"}],"wp:attachment":[{"href":"https:\/\/www.droptheinfo.com\/es\/wp-json\/wp\/v2\/media?parent=15435"}],"wp:term":[{"taxonomy":"category","embeddable":true,"href":"https:\/\/www.droptheinfo.com\/es\/wp-json\/wp\/v2\/categories?post=15435"},{"taxonomy":"post_tag","embeddable":true,"href":"https:\/\/www.droptheinfo.com\/es\/wp-json\/wp\/v2\/tags?post=15435"}],"curies":[{"name":"wp","href":"https:\/\/api.w.org\/{rel}","templated":true}]}}