{"id":1390,"date":"2023-04-10T02:43:38","date_gmt":"2023-04-10T02:43:38","guid":{"rendered":"https:\/\/www.droptheinfo.com\/es\/?p=1390"},"modified":"2023-04-10T02:43:38","modified_gmt":"2023-04-10T02:43:38","slug":"el-papa-francisco-condena-el-conflicto-entre-israel-y-palestina","status":"publish","type":"post","link":"https:\/\/www.droptheinfo.com\/es\/el-papa-francisco-condena-el-conflicto-entre-israel-y-palestina\/","title":{"rendered":"El Papa Francisco condena el conflicto entre Israel y Palestina"},"content":{"rendered":"<p>El <strong>Papa Francisco<\/strong> conden\u00f3 en su mensaje de Pascua los obst\u00e1culos que impiden la paz en todo el mundo, especialmente en el nuevo conflicto en <strong>Oriente Medio<\/strong>.<\/p>\n<p>Ante una multitud de casi <strong>100,000 fieles<\/strong> reunidos en la plaza de San Pedro del Vaticano, el Papa expreso su preocupaci\u00f3n por las fuertes tenciones en Oriente Medio que amenazan el di\u00e1logo entre Israel\u00edes y Palestinos.<\/p>\n<p>El pont\u00edfice invit\u00f3 a la comunidad internacional a poner fin a todos los <strong>\u00abconflictos que ensangrientan el mundo\u00bb.<\/strong><\/p>\n<p><img fetchpriority=\"high\" decoding=\"async\" class=\"alignnone size-full wp-image-1393 lazyload\" src=\"data:image\/gif;base64,R0lGODlhAQABAAAAACH5BAEKAAEALAAAAAABAAEAAAICTAEAOw==\" data-src=\"https:\/\/www.droptheinfo.com\/es\/wp-content\/uploads\/2023\/04\/El-Papa-Francisco-condena-el-conflicto-entre-Israel-y-Palestina-1.jpg\" alt=\"\" width=\"1200\" height=\"800\" data-sizes=\"auto\" data-srcset=\"https:\/\/www.droptheinfo.com\/es\/wp-content\/uploads\/2023\/04\/El-Papa-Francisco-condena-el-conflicto-entre-Israel-y-Palestina-1.jpg 1200w, https:\/\/www.droptheinfo.com\/es\/wp-content\/uploads\/2023\/04\/El-Papa-Francisco-condena-el-conflicto-entre-Israel-y-Palestina-1-300x200.jpg 300w, https:\/\/www.droptheinfo.com\/es\/wp-content\/uploads\/2023\/04\/El-Papa-Francisco-condena-el-conflicto-entre-Israel-y-Palestina-1-1024x683.jpg 1024w, https:\/\/www.droptheinfo.com\/es\/wp-content\/uploads\/2023\/04\/El-Papa-Francisco-condena-el-conflicto-entre-Israel-y-Palestina-1-768x512.jpg 768w, https:\/\/www.droptheinfo.com\/es\/wp-content\/uploads\/2023\/04\/El-Papa-Francisco-condena-el-conflicto-entre-Israel-y-Palestina-1-750x500.jpg 750w, https:\/\/www.droptheinfo.com\/es\/wp-content\/uploads\/2023\/04\/El-Papa-Francisco-condena-el-conflicto-entre-Israel-y-Palestina-1-1140x760.jpg 1140w\" sizes=\"(max-width: 1200px) 100vw, 1200px\" \/><\/p>\n<p>Estas palabras del Papa se dan despu\u00e9s de la violenta intervenci\u00f3n de la polic\u00eda Israel\u00ed en la <strong>mezquita Al Aqsa<\/strong> de <strong>Jerusal\u00e9n<\/strong>, que gener\u00f3 una oleada de arrestos y una nueva ola de violencia en la regi\u00f3n.<\/p>\n<p>Los \u00faltimos ataques se han generado despu\u00e9s de que el ej\u00e9rcito Israel\u00ed anuncio haber atacado a Siria en respuesta al lanzamiento de cohetes contra los altos del Gol\u00e1n.<\/p>\n<p>Durante su mensaje de Pascua, el Papa tambi\u00e9n hablo de la invasi\u00f3n <strong>Rusa<\/strong> a <strong>Ucrania<\/strong> u pidi\u00f3 que se reconfortara a los heridos y a aquellos que perdieron a sus seres queridos por la guerra.<\/p>\n<p>Por otro lado, tambi\u00e9n menciono a los pa\u00edses que sufrieron devastadores sismos en febrero, entre los cuales se encuentran <strong>Siria<\/strong> y <strong>Turqu\u00eda<\/strong>.<\/p>\n<p><img decoding=\"async\" class=\"alignnone size-full wp-image-1394 lazyload\" src=\"data:image\/gif;base64,R0lGODlhAQABAAAAACH5BAEKAAEALAAAAAABAAEAAAICTAEAOw==\" data-src=\"https:\/\/www.droptheinfo.com\/es\/wp-content\/uploads\/2023\/04\/El-Papa-Francisco-condena-el-conflicto-entre-Israel-y-Palestina-2.jpg\" alt=\"\" width=\"640\" height=\"360\" data-sizes=\"auto\" data-srcset=\"https:\/\/www.droptheinfo.com\/es\/wp-content\/uploads\/2023\/04\/El-Papa-Francisco-condena-el-conflicto-entre-Israel-y-Palestina-2.jpg 640w, https:\/\/www.droptheinfo.com\/es\/wp-content\/uploads\/2023\/04\/El-Papa-Francisco-condena-el-conflicto-entre-Israel-y-Palestina-2-300x169.jpg 300w\" sizes=\"(max-width: 640px) 100vw, 640px\" \/><\/p>\n<p>El Papa tambi\u00e9n aprovech\u00f3 para demostrar su preocupaci\u00f3n por la situaci\u00f3n en <strong>Hait\u00ed<\/strong>, lugar que ha estado sufriendo de una fuerte crisis sociopol\u00edtica y humanitaria durante varios a\u00f1os, y reconoci\u00f3 el esfuerzo de la comunidad internacional para buscar una soluci\u00f3n a los graves problemas que afectan a esa poblaci\u00f3n.<\/p>\n<p>Para finalizar, el <strong>Papa Francisco<\/strong> hablo de <strong>Nicaragua<\/strong>, lugar al que ha enviado un mensaje a las comunidades cristianas que celebran la Pascua en circunstancias dif\u00edciles u recordando a aquellos que se les impide profesar libre y p\u00fablicamente su fe.<\/p>\n","protected":false},"excerpt":{"rendered":"<p>El Papa Francisco conden\u00f3 en su mensaje de Pascua los obst\u00e1culos que impiden la paz en todo el mundo, especialmente en el nuevo conflicto en Oriente Medio. Ante una multitud de casi 100,000 fieles reunidos en la plaza de San Pedro del Vaticano, el Papa expreso su preocupaci\u00f3n por las fuertes tenciones en Oriente Medio [&hellip;]<\/p>\n","protected":false},"author":4,"featured_media":1392,"comment_status":"open","ping_status":"open","sticky":false,"template":"","format":"standard","meta":{"footnotes":""},"categories":[39,45,43],"tags":[166],"class_list":["post-1390","post","type-post","status-publish","format-standard","has-post-thumbnail","hentry","category-entretenimiento","category-mundo","category-viral","tag-papa-francisco"],"_links":{"self":[{"href":"https:\/\/www.droptheinfo.com\/es\/wp-json\/wp\/v2\/posts\/1390","targetHints":{"allow":["GET"]}}],"collection":[{"href":"https:\/\/www.droptheinfo.com\/es\/wp-json\/wp\/v2\/posts"}],"about":[{"href":"https:\/\/www.droptheinfo.com\/es\/wp-json\/wp\/v2\/types\/post"}],"author":[{"embeddable":true,"href":"https:\/\/www.droptheinfo.com\/es\/wp-json\/wp\/v2\/users\/4"}],"replies":[{"embeddable":true,"href":"https:\/\/www.droptheinfo.com\/es\/wp-json\/wp\/v2\/comments?post=1390"}],"version-history":[{"count":1,"href":"https:\/\/www.droptheinfo.com\/es\/wp-json\/wp\/v2\/posts\/1390\/revisions"}],"predecessor-version":[{"id":1395,"href":"https:\/\/www.droptheinfo.com\/es\/wp-json\/wp\/v2\/posts\/1390\/revisions\/1395"}],"wp:featuredmedia":[{"embeddable":true,"href":"https:\/\/www.droptheinfo.com\/es\/wp-json\/wp\/v2\/media\/1392"}],"wp:attachment":[{"href":"https:\/\/www.droptheinfo.com\/es\/wp-json\/wp\/v2\/media?parent=1390"}],"wp:term":[{"taxonomy":"category","embeddable":true,"href":"https:\/\/www.droptheinfo.com\/es\/wp-json\/wp\/v2\/categories?post=1390"},{"taxonomy":"post_tag","embeddable":true,"href":"https:\/\/www.droptheinfo.com\/es\/wp-json\/wp\/v2\/tags?post=1390"}],"curies":[{"name":"wp","href":"https:\/\/api.w.org\/{rel}","templated":true}]}}